{"id":1851,"date":"2015-07-13T19:47:50","date_gmt":"2015-07-13T19:47:50","guid":{"rendered":"http:\/\/vettensjournal.de\/klassischer-journalismus\/?p=1851"},"modified":"2015-07-13T19:47:50","modified_gmt":"2015-07-13T19:47:50","slug":"der-friedlose-hof","status":"publish","type":"post","link":"https:\/\/vettensjournal.de\/klassischer-journalismus\/der-friedlose-hof\/","title":{"rendered":"DER FRIEDLOSE HOF"},"content":{"rendered":"<p style=\"text-align: center\"><em><strong>sommer zwanzichfuffzehn IV<\/strong><\/em><\/p>\n<p>Er wanderte ostw\u00e4rts. Bei Krangen hockte sich Hans Krohn auf einen Baumstumpf und war sauer auf sich, dass er den Wein getrunken hatte.<\/p>\n<p>Klar, &#8220;Papa Jupp&#8221;lie\u00df keinen Gast trocken. Also hatte der Typ, der auf die Villa am See aufpasste, f\u00fcr Hans Krohn den K\u00fchlschrank gef\u00fcllt.<\/p>\n<p>Bordeaux. Schwer. Samtrot. Ging runter wie nix. Dazu Roastbeef und Foccacia. Der Jupp wusste schon, was Hans Krohn mochte. Sowas merkte der Mann sich f\u00fcr ein Leben. Da war er wie ein perfekter F\u00fcnf-Sterne-Portier. Einmal waren sie, nach langer Nacht, in der &#8220;B\u00fclowkneipe&#8221; gelandet &#8211; und Jupp hatte die Polin hinter dem Tresen nach dem Studium ihrer Tochter gefragt. Die Polin hatte fest geflennt vor R\u00fchrung.<\/p>\n<p>Tja, sowas merkte sich der Jupp.<\/p>\n<p>Egal.<\/p>\n<figure id=\"attachment_1859\" aria-describedby=\"caption-attachment-1859\" style=\"width: 300px\" class=\"wp-caption aligncenter\"><img loading=\"lazy\" decoding=\"async\" class=\"wp-image-1859 size-medium\" src=\"http:\/\/vettensjournal.de\/klassischer-journalismus\/wp-content\/uploads\/2015\/07\/IMG_0459-300x225.jpg\" alt=\"IMG_0459\" width=\"300\" height=\"225\" srcset=\"https:\/\/vettensjournal.de\/klassischer-journalismus\/wp-content\/uploads\/2015\/07\/IMG_0459-300x225.jpg 300w, https:\/\/vettensjournal.de\/klassischer-journalismus\/wp-content\/uploads\/2015\/07\/IMG_0459-600x450.jpg 600w, https:\/\/vettensjournal.de\/klassischer-journalismus\/wp-content\/uploads\/2015\/07\/IMG_0459.jpg 980w\" sizes=\"auto, (max-width: 300px) 100vw, 300px\" \/><figcaption id=\"caption-attachment-1859\" class=\"wp-caption-text\">Die Welt w\u00e4chst. Die Welt will.<\/figcaption><\/figure>\n<p>Krohn streckte sich, stand auf. Sch\u00f6ne Landschaft. Ein bisschen flach. In den Feldern wogte es, ein Wald s\u00e4umte den Horizont. Im Weizen hielten ein paar Kornblumen die Stellung und solche mit gelben Dolden, deren Namen er nicht kannte.<\/p>\n<p>Nach eineinhalb Stunden &#8211; er hatte einen kleinen Kanal erreicht, dem war er gefolgt, dann an einem See rechts abgebogen &#8211; ging er durch ein menschenleeres hei\u00dfes Dorf. Er verlie\u00df bald die Teerstra\u00dfe, lie\u00df sich auf einem Schotterweg durch einen Nadelwald leiten, die B\u00e4ume lichteten sich, er stand unvermittelt vor einem Vierseithof.<\/p>\n<figure id=\"attachment_1856\" aria-describedby=\"caption-attachment-1856\" style=\"width: 300px\" class=\"wp-caption aligncenter\"><img loading=\"lazy\" decoding=\"async\" class=\"wp-image-1856 size-medium\" src=\"http:\/\/vettensjournal.de\/klassischer-journalismus\/wp-content\/uploads\/2015\/07\/IMG_0460-300x206.jpg\" alt=\"IMG_0460\" width=\"300\" height=\"206\" srcset=\"https:\/\/vettensjournal.de\/klassischer-journalismus\/wp-content\/uploads\/2015\/07\/IMG_0460-300x206.jpg 300w, https:\/\/vettensjournal.de\/klassischer-journalismus\/wp-content\/uploads\/2015\/07\/IMG_0460-600x413.jpg 600w, https:\/\/vettensjournal.de\/klassischer-journalismus\/wp-content\/uploads\/2015\/07\/IMG_0460.jpg 980w\" sizes=\"auto, (max-width: 300px) 100vw, 300px\" \/><figcaption id=\"caption-attachment-1856\" class=\"wp-caption-text\">Einzelg\u00e4nger haben Bleiberecht.<\/figcaption><\/figure>\n<p>Nein, er stand nicht, er stockte.<\/p>\n<p>Was war das denn?<\/p>\n<p>Der Hof brach in sich zusammen. Die Ziegel, nackt, br\u00f6ckelten. Die Haust\u00fcr war seit Jahren nicht mehr ge\u00f6ffnet worden. Davor lag knietief Kleineisen. Schrauben. Muttern. B\u00e4nder. Federn. Draht. N\u00e4gel. Batterien.<\/p>\n<p>Knietief.<\/p>\n<p>Aus dem ersten Stock kam eine Stimme. Ein Mann hielt einen Vortrag und sprach wohl dabei gegen den Fernsehapparat an:<\/p>\n<p>&#8220;Ich sach Dir, der Wolf steht bei uns schon vor der T\u00fcr. Von den Polacken kommt er. Aber wir geben uns nicht kampflos geschlagen. Weisst Du, was ich gemacht habe? Ich habe dr\u00fcben am See ein Schild aufgestellt, da steht drauf ,Zum Biber&#8217;. Die wollen doch alle Biber rei\u00dfen, die W\u00f6lfe. Dann lesen sie das Schild und latschen mir direkt in die Falle.&#8221;<\/p>\n<p>Hehehe.<\/p>\n<p>Das Lachen kam von einem Anderen.<\/p>\n<p>Hans Krohn sah sich um. Der Hof war sehr weitl\u00e4ufig. Nur der Raum, aus dem die Stimmen kamen, schien bewohnt. Viel Land schien an dem Anwesen zu h\u00e4ngen &#8211; \u00fcberall lagerte schweres Ger\u00e4t.<\/p>\n<p>Schweres, totes Ger\u00e4t.<\/p>\n<figure id=\"attachment_1858\" aria-describedby=\"caption-attachment-1858\" style=\"width: 210px\" class=\"wp-caption aligncenter\"><a href=\"http:\/\/vettensjournal.de\/klassischer-journalismus\/wp-content\/uploads\/2015\/07\/IMG_0489.jpg\"><img loading=\"lazy\" decoding=\"async\" class=\"wp-image-1858 size-medium\" src=\"http:\/\/vettensjournal.de\/klassischer-journalismus\/wp-content\/uploads\/2015\/07\/IMG_0489-210x300.jpg\" alt=\"IMG_0489\" width=\"210\" height=\"300\" srcset=\"https:\/\/vettensjournal.de\/klassischer-journalismus\/wp-content\/uploads\/2015\/07\/IMG_0489-210x300.jpg 210w, https:\/\/vettensjournal.de\/klassischer-journalismus\/wp-content\/uploads\/2015\/07\/IMG_0489-600x856.jpg 600w, https:\/\/vettensjournal.de\/klassischer-journalismus\/wp-content\/uploads\/2015\/07\/IMG_0489.jpg 687w\" sizes=\"auto, (max-width: 210px) 100vw, 210px\" \/><\/a><figcaption id=\"caption-attachment-1858\" class=\"wp-caption-text\">Doch auch: Undank ist der Welt Lohn.<\/figcaption><\/figure>\n<p>Traktoren ohne R\u00e4der. Traktoren mit R\u00e4dern. R\u00e4der ohne irgendwas. Ein M\u00e4hdrescher, aus dem eine Weide wuchs. Zerrostete Eggen. Motoren. Morsche Silos. Lecke Tanks.<\/p>\n<p>Noch ein paar Jahre, dann w\u00e4re endlich Gras \u00fcber diesen Friedhof gewachsen.<\/p>\n<p>Hans Krohn war fasziniert und angewidert. Er begann zu fotografieren.<\/p>\n<p>&#8220;Da l\u00e4sst Du sch\u00f6n sein, mein Freund!&#8221;<\/p>\n<p>Hinter ihm stand ein Mann. Er hatte die Stimme, die von dem Wolf und dem Biber und dem Schild erz\u00e4hlt hatte. Der &#8220;Hehehe&#8221; war nicht da.<\/p>\n<p>&#8220;Hier wird nicht fotografiert, verstehst Du! Was willst Du \u00fcberhaupt hier? Privatbesitz &#8211; ist Dir das ein Begriff?&#8221;<\/p>\n<p>Krohn sagte erstmal nichts. Das war meistens besser.<\/p>\n<figure id=\"attachment_1857\" aria-describedby=\"caption-attachment-1857\" style=\"width: 300px\" class=\"wp-caption aligncenter\"><img loading=\"lazy\" decoding=\"async\" class=\"wp-image-1857 size-medium\" src=\"http:\/\/vettensjournal.de\/klassischer-journalismus\/wp-content\/uploads\/2015\/07\/IMG_0478-300x217.jpg\" alt=\"IMG_0478\" width=\"300\" height=\"217\" srcset=\"https:\/\/vettensjournal.de\/klassischer-journalismus\/wp-content\/uploads\/2015\/07\/IMG_0478-300x217.jpg 300w, https:\/\/vettensjournal.de\/klassischer-journalismus\/wp-content\/uploads\/2015\/07\/IMG_0478-600x434.jpg 600w, https:\/\/vettensjournal.de\/klassischer-journalismus\/wp-content\/uploads\/2015\/07\/IMG_0478.jpg 980w\" sizes=\"auto, (max-width: 300px) 100vw, 300px\" \/><figcaption id=\"caption-attachment-1857\" class=\"wp-caption-text\">Das Ende der Erde: auf diesem Hof nur noch Schrott und Rost.<\/figcaption><\/figure>\n<p>Der Mann hatte nur einen schwarzen Slip an. Das T-Shirt war wohl auch schwarz, aber es hatte viele Fettflecken und was Wei\u00dfes und was Graues und noch ein paar andere Farben von Fremdstoffen. Der Mann hatte muskul\u00f6se Arme, er war alt, aber er stand mit breiten Beinen in der Sonne. Ein Penner-Gestank ging von ihm aus, aus dem Mund roch er \u00fcbel &#8211; und wenn er b\u00f6se l\u00e4chelte, legte er zwei schwarze Stummel frei.<\/p>\n<p>Ansonsten: zahnlos.<\/p>\n<p>Hans Krohn war nicht ohne Sorge.<\/p>\n<p style=\"text-align: right\"><strong>13. juli 2015<\/strong><\/p>\n","protected":false},"excerpt":{"rendered":"<p>sommer zwanzichfuffzehn IV Er wanderte ostw\u00e4rts. Bei Krangen hockte sich Hans Krohn auf einen Baumstumpf und war sauer auf sich, dass er den Wein getrunken hatte. Klar, &#8220;Papa Jupp&#8221;lie\u00df keinen Gast trocken. Also hatte der Typ, der auf die Villa am See aufpasste, f\u00fcr Hans Krohn den K\u00fchlschrank gef\u00fcllt. Bordeaux. Schwer. Samtrot. Ging runter wie [&hellip;]<\/p>\n","protected":false},"author":3,"featured_media":1857,"comment_status":"closed","ping_status":"closed","sticky":false,"template":"","format":"standard","meta":{"footnotes":""},"categories":[23,1],"tags":[562,553],"class_list":["post-1851","post","type-post","status-publish","format-standard","has-post-thumbnail","hentry","category-story","category-uncategorized","tag-krangen","tag-sommer-zwanzichfuffzehn","has-post-title","has-post-date","has-post-category","has-post-tag","has-post-comment","has-post-author",""],"_links":{"self":[{"href":"https:\/\/vettensjournal.de\/klassischer-journalismus\/wp-json\/wp\/v2\/posts\/1851","targetHints":{"allow":["GET"]}}],"collection":[{"href":"https:\/\/vettensjournal.de\/klassischer-journalismus\/wp-json\/wp\/v2\/posts"}],"about":[{"href":"https:\/\/vettensjournal.de\/klassischer-journalismus\/wp-json\/wp\/v2\/types\/post"}],"author":[{"embeddable":true,"href":"https:\/\/vettensjournal.de\/klassischer-journalismus\/wp-json\/wp\/v2\/users\/3"}],"replies":[{"embeddable":true,"href":"https:\/\/vettensjournal.de\/klassischer-journalismus\/wp-json\/wp\/v2\/comments?post=1851"}],"version-history":[{"count":1,"href":"https:\/\/vettensjournal.de\/klassischer-journalismus\/wp-json\/wp\/v2\/posts\/1851\/revisions"}],"predecessor-version":[{"id":1860,"href":"https:\/\/vettensjournal.de\/klassischer-journalismus\/wp-json\/wp\/v2\/posts\/1851\/revisions\/1860"}],"wp:featuredmedia":[{"embeddable":true,"href":"https:\/\/vettensjournal.de\/klassischer-journalismus\/wp-json\/wp\/v2\/media\/1857"}],"wp:attachment":[{"href":"https:\/\/vettensjournal.de\/klassischer-journalismus\/wp-json\/wp\/v2\/media?parent=1851"}],"wp:term":[{"taxonomy":"category","embeddable":true,"href":"https:\/\/vettensjournal.de\/klassischer-journalismus\/wp-json\/wp\/v2\/categories?post=1851"},{"taxonomy":"post_tag","embeddable":true,"href":"https:\/\/vettensjournal.de\/klassischer-journalismus\/wp-json\/wp\/v2\/tags?post=1851"}],"curies":[{"name":"wp","href":"https:\/\/api.w.org\/{rel}","templated":true}]}}