{"id":1817,"date":"2015-07-08T20:56:52","date_gmt":"2015-07-08T20:56:52","guid":{"rendered":"http:\/\/vettensjournal.de\/klassischer-journalismus\/?p=1817"},"modified":"2015-07-08T20:56:52","modified_gmt":"2015-07-08T20:56:52","slug":"wie-isses","status":"publish","type":"post","link":"https:\/\/vettensjournal.de\/klassischer-journalismus\/wie-isses\/","title":{"rendered":"WIE ISSES?"},"content":{"rendered":"<p><em><strong>berlin, 8. juli 2015<\/strong><\/em><\/p>\n<p><strong>Im &#8220;Ypsilon&#8221; an der Potsdamer Stra\u00dfe spielen sie Grexit. Vor dem Kempi haben sich zwei Menschen sehr lieb. Micaela Sch\u00e4fer ist nackt gewesen &#8211; sind das in diesem Jahr des Kaisers Kleider? Im Horrorhaus in der Grunewaldstra\u00dfe haben sie sich heute nicht gehauen. Der Fall des unbekannten Toten im Koffer ist gel\u00f6st.<\/strong><\/p>\n<p><strong>Und es gibt rund um Berlin noch immer eine Welt.<\/strong><\/p>\n<p><strong>So ist das am 8. Juli 2015.<\/strong><\/p>\n<p>Grauer Himmel, gemasert. In der Nacht k\u00f6nnte es gewittern. Ein Kellner steht im &#8220;Ypsillon&#8221; und hat ein leeres Gesicht. Man spielt Griechenland in dem Restaurant an der Potsdamer Stra\u00dfe. Keine Musik. Nichts zum Essen und zum Trinken auf den Tischen. Keine G\u00e4ste. Der Kellner ist \u00fcber den Punkt hinaus, an dem er sich beschissen f\u00fchlt. Frau Merkel und Herr Tsipras gie\u00dfen sich an irgendwelchen Konferenztischen Kafee nach und essen Kuchen, dann reden sie n\u00e4chtelang und fliegen wieder in ihre Parlamente. Aber in Griechenland und im Ypsilon&#8221; an der Potsdamer bleiben die Tische leer.<\/p>\n<p>So isses nun mal.<\/p>\n<figure id=\"attachment_1383\" aria-describedby=\"caption-attachment-1383\" style=\"width: 300px\" class=\"wp-caption aligncenter\"><img loading=\"lazy\" decoding=\"async\" class=\"wp-image-1383 size-medium\" src=\"http:\/\/vettensjournal.de\/klassischer-journalismus\/wp-content\/uploads\/2015\/05\/IMG_4544-2-300x270.jpg\" alt=\"IMG_4544-2\" width=\"300\" height=\"270\" srcset=\"https:\/\/vettensjournal.de\/klassischer-journalismus\/wp-content\/uploads\/2015\/05\/IMG_4544-2-300x270.jpg 300w, https:\/\/vettensjournal.de\/klassischer-journalismus\/wp-content\/uploads\/2015\/05\/IMG_4544-2-600x540.jpg 600w, https:\/\/vettensjournal.de\/klassischer-journalismus\/wp-content\/uploads\/2015\/05\/IMG_4544-2.jpg 980w\" sizes=\"auto, (max-width: 300px) 100vw, 300px\" \/><figcaption id=\"caption-attachment-1383\" class=\"wp-caption-text\">Weit sind sie gekommen, die Zossen der Trojaner.<\/figcaption><\/figure>\n<p>Die Frau, die mit ihrem Gatten vor dem Kempinski sitzt, wird nicht mehr lange leben. Sie hat die wissenden Augen einer Sterbenden. Ihrem Mann steht die Angst im Gesicht. Es ist drei Uhr nachmittags, und die Menschen rennen an den Beiden vorbei durch ihre Leben. Die Frau und der Mann halten sich bei den H\u00e4nden und sehen nur sich. Manchmal sto\u00dfen sie mit dem Ros\u00e9glas an. Dann deutet er auf einen geckenhaften Passanten und sagt etwas. Sie guckt auch hin &#8211; der Typ sieht wirklich l\u00e4cherlich aus &#8211; und beginnt zu glucksen. Aus dem kleinen wird ein gro\u00dfes Lachen, ihr Mann lacht jetzt auch. Sie haben sich und diesen Moment sehr lieb. Man wei\u00df ja nicht, wie oft man noch so etwas erlebt.<\/p>\n<p>So isses nun mal.<\/p>\n<p>Andernorts sind die Menschen ganz aufgeregt. Es ist Fashion Week. 200.000 Besucher erwartet der Berliner Senat\u00a0 zur Modewoche. Die Leute kommen zur Premium am Gleisdreieck in Kreuzberg, zur Panorama auf dem Messegel\u00e4nde in der N\u00e4he des Funkturms und zur Bread &amp; Butter in den filmreifen Geb\u00e4uden des Flughafens Tempelhof, s\u00fcdlich der Innenstadt. Man hat schon Micaela Sch\u00e4fer gesehen, die sich erwartungsgem\u00e4\u00df nackig machte. Und auch Barbara Becker hat sich fl\u00e4chendeckend angesagt. Gar nicht zu sprechen von Guido Maria Kretschmer, Wolferl Joop und der &#8220;Bunte&#8221;-Redaktion. Klar die wollen adabei sein.<\/p>\n<p>So isses nun mal.<\/p>\n<figure id=\"attachment_1315\" aria-describedby=\"caption-attachment-1315\" style=\"width: 300px\" class=\"wp-caption aligncenter\"><img loading=\"lazy\" decoding=\"async\" class=\"wp-image-1315 size-medium\" src=\"http:\/\/vettensjournal.de\/klassischer-journalismus\/wp-content\/uploads\/2015\/04\/IMG_4077-300x212.jpg\" alt=\"IMG_4077\" width=\"300\" height=\"212\" srcset=\"https:\/\/vettensjournal.de\/klassischer-journalismus\/wp-content\/uploads\/2015\/04\/IMG_4077-300x212.jpg 300w, https:\/\/vettensjournal.de\/klassischer-journalismus\/wp-content\/uploads\/2015\/04\/IMG_4077-600x424.jpg 600w, https:\/\/vettensjournal.de\/klassischer-journalismus\/wp-content\/uploads\/2015\/04\/IMG_4077.jpg 980w\" sizes=\"auto, (max-width: 300px) 100vw, 300px\" \/><figcaption id=\"caption-attachment-1315\" class=\"wp-caption-text\">Darf&#8217;s ein bisserl weniger sein? Bei Micaela Sch\u00e4fer schon.<\/figcaption><\/figure>\n<p>In der Grunewaldstra\u00dfe machen die Menschen nicht mehr den ganz gro\u00dfen Bogen um das &#8220;Horrorhaus&#8221;, auch die Polizisten sind nicht mehr sonderlich interessiert. Die vielen Rum\u00e4nen, die die Gegend unsicher gemacht haben, scheinen verschwunden. Und die, die noch vor Ort gesehen werden, sind matt. Die Hitze hat sie m\u00fcrbe gemacht. Eigentlich werden sie auch nicht mehr gebraucht &#8211; die verbliebenen Mieter aus fr\u00fcheren Tagen sind nur noch m\u00fcde, ver\u00e4ngstigt, erbittert, wollen weg. Und dann k\u00f6nnte man endlich richtig luxussanieren. Dann h\u00e4tte der Schrecken gesiegt.<\/p>\n<p>So isses nun mal.<\/p>\n<p>Die Polizei feiert sich selbst: Am 19. September 2014 entdeckten zwei M\u00e4nner einen Rollkoffer, der auf dem ehemaligen Gel\u00e4nde des Spandauer G\u00fcterbahnhofs versteckt war. Inhalt: ein Toter. Jetzt wei\u00df man, wer es war.<br \/>\nDer Mann lebte bis zu seinem Tod mit seinem Sohn in einer Wohnung in Spandau. Als der damals 72-J\u00e4hrige im Sommer 2013 in der Wohnung eines nat\u00fcrlichen Todes verstarb, war der Sohn einfach nur \u00fcberfordert. Nach ein paar Tagen legte er seinen verstorbenen Vater in einen Koffer und stellte den dann in der Ruine ab. Der heute 39-j\u00e4hrige &#8220;T\u00e4ter&#8221; hat keinen Wohnsitz und ist jetzt wegen Betrug und Versto\u00df gegen das Bestattungsgesetzes dran. Strafe muss sein.<\/p>\n<p>So isses nun mal.<\/p>\n<figure id=\"attachment_1271\" aria-describedby=\"caption-attachment-1271\" style=\"width: 300px\" class=\"wp-caption aligncenter\"><img loading=\"lazy\" decoding=\"async\" class=\"wp-image-1271 size-medium\" src=\"http:\/\/vettensjournal.de\/klassischer-journalismus\/wp-content\/uploads\/2015\/04\/IMG_4034-300x214.jpg\" alt=\"IMG_4034\" width=\"300\" height=\"214\" srcset=\"https:\/\/vettensjournal.de\/klassischer-journalismus\/wp-content\/uploads\/2015\/04\/IMG_4034-300x214.jpg 300w, https:\/\/vettensjournal.de\/klassischer-journalismus\/wp-content\/uploads\/2015\/04\/IMG_4034-600x428.jpg 600w, https:\/\/vettensjournal.de\/klassischer-journalismus\/wp-content\/uploads\/2015\/04\/IMG_4034.jpg 980w\" sizes=\"auto, (max-width: 300px) 100vw, 300px\" \/><figcaption id=\"caption-attachment-1271\" class=\"wp-caption-text\">Der Gro\u00dfe Bruder sieht alles. FOTOS: BARBARA VOLKMER<\/figcaption><\/figure>\n<p>Isses so, in Berlin und Umland? Wie isses wirklich? Das &#8220;Journal&#8221; sieht sich um. Morgen beginnen die kleinen Reisen durch den &#8220;SOMMER ZWANZICHFUFFZEHN&#8221;.<\/p>\n","protected":false},"excerpt":{"rendered":"<p>berlin, 8. juli 2015 Im &#8220;Ypsilon&#8221; an der Potsdamer Stra\u00dfe spielen sie Grexit. Vor dem Kempi haben sich zwei Menschen sehr lieb. Micaela Sch\u00e4fer ist nackt gewesen &#8211; sind das in diesem Jahr des Kaisers Kleider? Im Horrorhaus in der Grunewaldstra\u00dfe haben sie sich heute nicht gehauen. Der Fall des unbekannten Toten im Koffer ist [&hellip;]<\/p>\n","protected":false},"author":3,"featured_media":1327,"comment_status":"closed","ping_status":"closed","sticky":false,"template":"","format":"standard","meta":{"footnotes":""},"categories":[20,1],"tags":[547,182,550,552,549,280,548,553,551],"class_list":["post-1817","post","type-post","status-publish","format-standard","has-post-thumbnail","hentry","category-reportage","category-uncategorized","tag-becker-barbara","tag-berlin","tag-grexit","tag-grunewaldstrase","tag-horrorhaus","tag-merkel-angela","tag-schafer-micaela","tag-sommer-zwanzichfuffzehn","tag-tsipras","has-post-title","has-post-date","has-post-category","has-post-tag","has-post-comment","has-post-author",""],"_links":{"self":[{"href":"https:\/\/vettensjournal.de\/klassischer-journalismus\/wp-json\/wp\/v2\/posts\/1817","targetHints":{"allow":["GET"]}}],"collection":[{"href":"https:\/\/vettensjournal.de\/klassischer-journalismus\/wp-json\/wp\/v2\/posts"}],"about":[{"href":"https:\/\/vettensjournal.de\/klassischer-journalismus\/wp-json\/wp\/v2\/types\/post"}],"author":[{"embeddable":true,"href":"https:\/\/vettensjournal.de\/klassischer-journalismus\/wp-json\/wp\/v2\/users\/3"}],"replies":[{"embeddable":true,"href":"https:\/\/vettensjournal.de\/klassischer-journalismus\/wp-json\/wp\/v2\/comments?post=1817"}],"version-history":[{"count":1,"href":"https:\/\/vettensjournal.de\/klassischer-journalismus\/wp-json\/wp\/v2\/posts\/1817\/revisions"}],"predecessor-version":[{"id":1819,"href":"https:\/\/vettensjournal.de\/klassischer-journalismus\/wp-json\/wp\/v2\/posts\/1817\/revisions\/1819"}],"wp:featuredmedia":[{"embeddable":true,"href":"https:\/\/vettensjournal.de\/klassischer-journalismus\/wp-json\/wp\/v2\/media\/1327"}],"wp:attachment":[{"href":"https:\/\/vettensjournal.de\/klassischer-journalismus\/wp-json\/wp\/v2\/media?parent=1817"}],"wp:term":[{"taxonomy":"category","embeddable":true,"href":"https:\/\/vettensjournal.de\/klassischer-journalismus\/wp-json\/wp\/v2\/categories?post=1817"},{"taxonomy":"post_tag","embeddable":true,"href":"https:\/\/vettensjournal.de\/klassischer-journalismus\/wp-json\/wp\/v2\/tags?post=1817"}],"curies":[{"name":"wp","href":"https:\/\/api.w.org\/{rel}","templated":true}]}}