{"id":1727,"date":"2015-06-14T20:16:53","date_gmt":"2015-06-14T20:16:53","guid":{"rendered":"http:\/\/vettensjournal.de\/klassischer-journalismus\/?p=1727"},"modified":"2015-06-14T20:16:53","modified_gmt":"2015-06-14T20:16:53","slug":"cool-bleiben","status":"publish","type":"post","link":"https:\/\/vettensjournal.de\/klassischer-journalismus\/cool-bleiben\/","title":{"rendered":"COOL BLEIBEN"},"content":{"rendered":"<div><em><strong>lindow, 14. juni 2015<\/strong><\/em><\/div>\n<div><strong>\u00a0<\/strong><\/div>\n<div><strong>Gef\u00e4llig wandert der Blick von den Kohlraben zur Spinatfront. Alles pr\u00e4chtig in Schuss, satt oder zart gr\u00fcn, sich rundend und himmelw\u00e4rts strebend. Dieses Beet ist ein Genuss. Man kann es sich gar nicht mehr vorstellen, dieses Elend im Winter\u2026<\/strong><\/div>\n<div><\/div>\n<div>Erinnerungen an einen Nachmittag im Januar. Es hatte geschneit, ein leises Wei\u00df deckte die grob umgehobenen Schollen. Mitten im Beet rundeten sich zwei H\u00fcgel \u2013 wieder einmal hatte die Schermaus zugeschlagen. Eine frierende Meise tippelte \u00fcber den Schnee und fand nichts, kein Kr\u00fcmelchen. Der Wald stand starr, die \u00c4ste der Tannen waren steif vor K\u00e4lte, und wenn da irgendwo Tiere waren, taten sie vor lauter Frier-Frust keinen Mucks.<\/div>\n<div><\/div>\n<div>Der Wald war stumm.<\/div>\n<div><\/div>\n<div>Jetzt, wir schreiben den 15. Juni, in allen Himmelsrichtungen tiriliert und zwitschert es, die Hasen rascheln, ein Reh hat kurz in den Garten gelugt, am T\u00f6rchen haben Wildschweine Spuren hinterlassen. Eine Monstrum-Ringelnatter quert l\u00e4ssig vom Teich zum Bach.<\/div>\n<div><\/div>\n<div>Und im Beet ist alles paletti. Die Kohlraben tragen irisches Gr\u00fcn, der Spinat w\u00e4chst zum Zusehen schnell&#8230;<\/div>\n<div><\/div>\n<div>Vier Quadratmeter misst das Beet &#8211; das sind knapp vier Quadratmeter von 55 Millionen auf der Nordhalbkugel unseres Globus. Vier Quadratmeter, auf denen wir mit erleben, was mit der guten alten Erde in den n\u00e4chsten Jahren passieren wird.<\/div>\n<div><\/div>\n<div>Wenn\u2026<\/div>\n<div><\/div>\n<div>Und wenn nicht\u2026<\/div>\n<div><\/div>\n<div>Im Winter f\u00e4hrt das Beet zunehmend Klima-Achterbahn. Mal ist der Boden w\u00e4rmer, mal k\u00e4lter als null Grad. Auf jeden Fall wird eine isolierende\u00a0<a>Schneedecke<\/a>\u00a0sich nicht mehr so regelm\u00e4\u00dfig \u00fcber das gemachte Beet legen.<\/div>\n<div><\/div>\n<div>Obwohl es f\u00fcr die Landwirtschaft von gro\u00dfer Bedeutung ist, wurde bisher kaum untersucht, welche Bedeutung diese Wechselprozesse f\u00fcr Pflanzen haben. Eine Forschergruppe um den Wissenschaftler Dr. J\u00fcrgen Kreyling errichtete deshalb am Rande Bayreuths ein Versuchsfeld, um die Auswirkungen des neuen Klimas zu erforschen.<\/div>\n<div><\/div>\n<div>Bayreuth ist Brandenburg \u2013 naja nicht ganz, die Franken k\u00f6nnen besser Oper, die Brandenburger haben Fontane. Aber die G\u00e4rten m\u00fcssen sich im Winter mit einem recht vergleichbaren Klima herum schlagen.<\/div>\n<div><\/div>\n<div>Professor Kreyling hat nun (weil Frau Merkel und die Kollegen auch in Elmau den Klimawandel nicht stoppen konnten, ist diese Arbeit nicht hoch genug zu wertsch\u00e4tzen) simuliert, was geschieht, wenn es der Scholle im Winter zu warm wird. Er lie\u00df je einhundert Pflanzen weit verbreiteter Kr\u00e4uter auf drei\u00dfig Fl\u00e4chen von vier Quadratmetern Gr\u00f6\u00dfe pflanzen. Drunter legten die Wissenschaftler Bodenheizungen.<\/div>\n<div><\/div>\n<div>Alles ging seinen Gang in den 300 Versuchs-Beeten. Im einen hatten es die Erdkrumen behaglich bei Temperaturen \u00fcber dem Gefrierpunkt. In anderen wiederum erstarrten die B\u00f6den zu eisharten W\u00fcsteneien. Im Untergrund werkte die W\u00fchlmaus &#8211; und lief die Heizung, oder nicht.<\/div>\n<div><\/div>\n<div>Im Sommer drauf ernteten die Wissenschaftler zweimal. Sie trockneten die Kr\u00e4uter und wogen sie.<\/div>\n<div><\/div>\n<div>Und?<\/div>\n<div><\/div>\n<div>Professor Kreyling und seine Mitarbeiter stellten fest, dass die manipulierten Fl\u00e4chen mit Bodenheizung zehn Prozent mehr oberirdische Biomasse produzierten als die unbeheizten Kontrollfl\u00e4chen. Die Kr\u00e4uter wuchsen besser, obwohl sich die Wurzeldichte in den obersten f\u00fcnf Zentimetern des Bodens verringerte.<\/div>\n<div><\/div>\n<div>Heureka! Endlich mal ein konstruktiver Ansatz aus dem CSU-Land. Machen wir\u2019s in Brandenburg wie in der Allianz-Arena oder in Richard Wagners Garten. Im Herbst legen wir eine Heizung unters Beet.<\/div>\n<div><\/div>\n<div>Dieses Jahr m\u00fcssen wir freilich noch mit einer Ernte aus konventionellem Anbau vorlieb nehmen.<\/div>\n<div><\/div>\n<div>\n<figure id=\"attachment_1729\" aria-describedby=\"caption-attachment-1729\" style=\"width: 300px\" class=\"wp-caption aligncenter\"><img loading=\"lazy\" decoding=\"async\" class=\"wp-image-1729 size-medium\" src=\"http:\/\/vettensjournal.de\/klassischer-journalismus\/wp-content\/uploads\/2015\/06\/IMG_5501-300x225.jpg\" alt=\"IMG_5501\" width=\"300\" height=\"225\" srcset=\"https:\/\/vettensjournal.de\/klassischer-journalismus\/wp-content\/uploads\/2015\/06\/IMG_5501-300x225.jpg 300w, https:\/\/vettensjournal.de\/klassischer-journalismus\/wp-content\/uploads\/2015\/06\/IMG_5501-600x450.jpg 600w, https:\/\/vettensjournal.de\/klassischer-journalismus\/wp-content\/uploads\/2015\/06\/IMG_5501.jpg 640w\" sizes=\"auto, (max-width: 300px) 100vw, 300px\" \/><figcaption id=\"caption-attachment-1729\" class=\"wp-caption-text\">K\u00e4mpft um uns! FOTOS: BARBARA VOLKMER<\/figcaption><\/figure>\n<\/div>\n<div><\/div>\n<div>Falls wir \u201esputnik\u201c und die anderen Feinde in den n\u00e4chsten Wochen fern halten k\u00f6nnen. Jaja, wir wissen schon: Es werden Wochen der Entbehrung und des Kampfes. Doch wir werden fighten bis zum Umfallen f\u00fcr unser Beet.<\/div>\n<div><\/div>\n<div style=\"text-align: right\"><strong>Morgen: Kratzfu\u00df \u201esputnik\u201c<\/strong><\/div>\n<p>&nbsp;<\/p>\n","protected":false},"excerpt":{"rendered":"<p>lindow, 14. juni 2015 \u00a0 Gef\u00e4llig wandert der Blick von den Kohlraben zur Spinatfront. Alles pr\u00e4chtig in Schuss, satt oder zart gr\u00fcn, sich rundend und himmelw\u00e4rts strebend. Dieses Beet ist ein Genuss. Man kann es sich gar nicht mehr vorstellen, dieses Elend im Winter\u2026 Erinnerungen an einen Nachmittag im Januar. Es hatte geschneit, ein leises [&hellip;]<\/p>\n","protected":false},"author":3,"featured_media":1039,"comment_status":"closed","ping_status":"closed","sticky":false,"template":"","format":"standard","meta":{"footnotes":""},"categories":[25,1],"tags":[531,315,524,530,314,280,190],"class_list":["post-1727","post","type-post","status-publish","format-standard","has-post-thumbnail","hentry","category-report","category-uncategorized","tag-bayreuth","tag-brandenburg","tag-das-beet","tag-kreyling-jurgen","tag-lindow","tag-merkel-angela","tag-sputnik","has-post-title","has-post-date","has-post-category","has-post-tag","has-post-comment","has-post-author",""],"_links":{"self":[{"href":"https:\/\/vettensjournal.de\/klassischer-journalismus\/wp-json\/wp\/v2\/posts\/1727","targetHints":{"allow":["GET"]}}],"collection":[{"href":"https:\/\/vettensjournal.de\/klassischer-journalismus\/wp-json\/wp\/v2\/posts"}],"about":[{"href":"https:\/\/vettensjournal.de\/klassischer-journalismus\/wp-json\/wp\/v2\/types\/post"}],"author":[{"embeddable":true,"href":"https:\/\/vettensjournal.de\/klassischer-journalismus\/wp-json\/wp\/v2\/users\/3"}],"replies":[{"embeddable":true,"href":"https:\/\/vettensjournal.de\/klassischer-journalismus\/wp-json\/wp\/v2\/comments?post=1727"}],"version-history":[{"count":1,"href":"https:\/\/vettensjournal.de\/klassischer-journalismus\/wp-json\/wp\/v2\/posts\/1727\/revisions"}],"predecessor-version":[{"id":1730,"href":"https:\/\/vettensjournal.de\/klassischer-journalismus\/wp-json\/wp\/v2\/posts\/1727\/revisions\/1730"}],"wp:featuredmedia":[{"embeddable":true,"href":"https:\/\/vettensjournal.de\/klassischer-journalismus\/wp-json\/wp\/v2\/media\/1039"}],"wp:attachment":[{"href":"https:\/\/vettensjournal.de\/klassischer-journalismus\/wp-json\/wp\/v2\/media?parent=1727"}],"wp:term":[{"taxonomy":"category","embeddable":true,"href":"https:\/\/vettensjournal.de\/klassischer-journalismus\/wp-json\/wp\/v2\/categories?post=1727"},{"taxonomy":"post_tag","embeddable":true,"href":"https:\/\/vettensjournal.de\/klassischer-journalismus\/wp-json\/wp\/v2\/tags?post=1727"}],"curies":[{"name":"wp","href":"https:\/\/api.w.org\/{rel}","templated":true}]}}