{"id":1721,"date":"2015-06-13T21:02:22","date_gmt":"2015-06-13T21:02:22","guid":{"rendered":"http:\/\/vettensjournal.de\/klassischer-journalismus\/?p=1721"},"modified":"2015-06-13T21:04:02","modified_gmt":"2015-06-13T21:04:02","slug":"kleine-wunderwelt","status":"publish","type":"post","link":"https:\/\/vettensjournal.de\/klassischer-journalismus\/kleine-wunderwelt\/","title":{"rendered":"DIE WUNDERWELT"},"content":{"rendered":"<p><em><strong>lindow, 13. juni 2015<\/strong><\/em><\/p>\n<p style=\"text-align: center\"><strong><em>DAS BEET I<\/em><\/strong><\/p>\n<p><strong>Das war ein Happy-End-Day f\u00fcrs Beet. Vormittags sah es ganz danach aus, als w\u00fcrde es wieder eine trockene Angelegenheit werden, trocken und hei\u00df. Die Sonne flutete das Land Brandenburg von einem wolkenfreien Himmel, doch gegen Mittag schob sich eine dunkelgraue Front \u00fcber den See. Die M\u00fccken wurden ganz wild, die Luft war bleiern. In der Ferne zuerst, dann immer n\u00e4her rollten Donner. Sp\u00e4ter blitzte es ein paarmal garstig, dann ging Regen \u00fcber den See, \u00fcber die W\u00e4lder, \u00fcber die gro\u00dfe Wiese mit den Galloway-Rindern &#8211; und der Regen ging sanft \u00fcbers Beet.<\/strong><\/p>\n<p>Das m\u00f6gen St\u00e4dter bl\u00f6de finden &#8211; aber ein Landei, das das Beet betreut und w\u00e4hrend des ersten Regens seit Langem beobachtete, freute sich, weil das Beet sich auch freute. Die Erde kriegte dunkle Sommersprossen, sie saugte sich voll, sah nach eine Weile satt und geschmeidig aus. Von den Bl\u00e4ttern der Kohlrabis perlte das Wasser mit einem Glitzern nach unten. Der Spinat legte zur Feier des Tages sein sattestes Gr\u00fcn auf, und der Salat straffte sich.<\/p>\n<p>Von der Seite n\u00e4herte sich eine Schnecke. Eine Bachstelze postierte sich am Westrand und wippte mit dem Schwanz, w\u00e4hrend sie geduldig beobachtete, ob sie sich nicht auf ein Opfer im Beet st\u00fcrzen k\u00f6nnte. An der Petersilie schoss eine Libelle vorbei. \u00dcber dem Schnittlauch taumelte ein Zitronenfalter.<\/p>\n<p>Es lebte, das Beet. Und wie: Das Landei st\u00fctzte sich auf die Hacke und verlor sich in seinen Gedanken. Was f\u00fcr ein wundersamer, wunderbarer kleiner Kosmos. Eine Welt f\u00fcr sich &#8211; und eine dieser spannendsten Geschichten, die das Leben schreibt. Man muss sich nur einlassen auf diese Storys aus dem Beet. Einfach nur mal hinsehen, hinh\u00f6ren, staunen&#8230;<\/p>\n<p>&nbsp;<\/p>\n<figure id=\"attachment_1720\" aria-describedby=\"caption-attachment-1720\" style=\"width: 300px\" class=\"wp-caption aligncenter\"><img loading=\"lazy\" decoding=\"async\" class=\"wp-image-1720 size-medium\" src=\"http:\/\/vettensjournal.de\/klassischer-journalismus\/wp-content\/uploads\/2015\/06\/IMG_5505-300x225.jpg\" alt=\"IMG_5505\" width=\"300\" height=\"225\" srcset=\"https:\/\/vettensjournal.de\/klassischer-journalismus\/wp-content\/uploads\/2015\/06\/IMG_5505-300x225.jpg 300w, https:\/\/vettensjournal.de\/klassischer-journalismus\/wp-content\/uploads\/2015\/06\/IMG_5505-600x450.jpg 600w, https:\/\/vettensjournal.de\/klassischer-journalismus\/wp-content\/uploads\/2015\/06\/IMG_5505.jpg 980w\" sizes=\"auto, (max-width: 300px) 100vw, 300px\" \/><figcaption id=\"caption-attachment-1720\" class=\"wp-caption-text\">FOTO: BARBARA VOLKMER<\/figcaption><\/figure>\n<p style=\"text-align: right\"><strong>Morgen: Dann wurde die Erde hart, und der Winter tat seinen Job.<\/strong><\/p>\n<p>&nbsp;<\/p>\n","protected":false},"excerpt":{"rendered":"<p>lindow, 13. juni 2015 DAS BEET I Das war ein Happy-End-Day f\u00fcrs Beet. Vormittags sah es ganz danach aus, als w\u00fcrde es wieder eine trockene Angelegenheit werden, trocken und hei\u00df. Die Sonne flutete das Land Brandenburg von einem wolkenfreien Himmel, doch gegen Mittag schob sich eine dunkelgraue Front \u00fcber den See. Die M\u00fccken wurden ganz [&hellip;]<\/p>\n","protected":false},"author":3,"featured_media":1720,"comment_status":"closed","ping_status":"closed","sticky":false,"template":"","format":"standard","meta":{"footnotes":""},"categories":[20,1],"tags":[524,529,526,314,527,528,525],"class_list":["post-1721","post","type-post","status-publish","format-standard","has-post-thumbnail","hentry","category-reportage","category-uncategorized","tag-das-beet","tag-kohlrabi","tag-libelle","tag-lindow","tag-schnittlauch","tag-spinat","tag-zitronenfalter","has-post-title","has-post-date","has-post-category","has-post-tag","has-post-comment","has-post-author",""],"_links":{"self":[{"href":"https:\/\/vettensjournal.de\/klassischer-journalismus\/wp-json\/wp\/v2\/posts\/1721","targetHints":{"allow":["GET"]}}],"collection":[{"href":"https:\/\/vettensjournal.de\/klassischer-journalismus\/wp-json\/wp\/v2\/posts"}],"about":[{"href":"https:\/\/vettensjournal.de\/klassischer-journalismus\/wp-json\/wp\/v2\/types\/post"}],"author":[{"embeddable":true,"href":"https:\/\/vettensjournal.de\/klassischer-journalismus\/wp-json\/wp\/v2\/users\/3"}],"replies":[{"embeddable":true,"href":"https:\/\/vettensjournal.de\/klassischer-journalismus\/wp-json\/wp\/v2\/comments?post=1721"}],"version-history":[{"count":1,"href":"https:\/\/vettensjournal.de\/klassischer-journalismus\/wp-json\/wp\/v2\/posts\/1721\/revisions"}],"predecessor-version":[{"id":1726,"href":"https:\/\/vettensjournal.de\/klassischer-journalismus\/wp-json\/wp\/v2\/posts\/1721\/revisions\/1726"}],"wp:featuredmedia":[{"embeddable":true,"href":"https:\/\/vettensjournal.de\/klassischer-journalismus\/wp-json\/wp\/v2\/media\/1720"}],"wp:attachment":[{"href":"https:\/\/vettensjournal.de\/klassischer-journalismus\/wp-json\/wp\/v2\/media?parent=1721"}],"wp:term":[{"taxonomy":"category","embeddable":true,"href":"https:\/\/vettensjournal.de\/klassischer-journalismus\/wp-json\/wp\/v2\/categories?post=1721"},{"taxonomy":"post_tag","embeddable":true,"href":"https:\/\/vettensjournal.de\/klassischer-journalismus\/wp-json\/wp\/v2\/tags?post=1721"}],"curies":[{"name":"wp","href":"https:\/\/api.w.org\/{rel}","templated":true}]}}