{"id":1691,"date":"2015-06-09T21:26:58","date_gmt":"2015-06-09T21:26:58","guid":{"rendered":"http:\/\/vettensjournal.de\/klassischer-journalismus\/?p=1691"},"modified":"2015-06-09T21:40:21","modified_gmt":"2015-06-09T21:40:21","slug":"ausverkauf","status":"publish","type":"post","link":"https:\/\/vettensjournal.de\/klassischer-journalismus\/ausverkauf\/","title":{"rendered":"AUSVERKAUF"},"content":{"rendered":"<p><strong><em>berlin, 9. juni 20<\/em>15<\/strong><\/p>\n<p><strong>Vor einem halben Jahr hat das KaDeWe, diese Kaufhaus-Institution in Berlin, den Peter Georgi, den alten Sack, raus geschmissen. Ein Jahrzehnt lang war er &#8211; kr\u00e4ftige Statur, pr\u00e4chtiger Bart, Pausb\u00e4ckchen &#8211; gut genug gewesen, zur lauten Stillen Zeit in einem rot-wei\u00dfen Mantel im Atrium des Hauses den Weihnachtsmann zu mimen. Doch damit war Schluss, hohoho! Ein J\u00fcngerer durfte ran, Herr Georgi sollte bleiben, wo das Rentier w\u00e4chst.<\/strong><\/p>\n<p>Die k\u00f6nnen manchmal ganz sch\u00f6n fies sein im KaDeWe. Wenn sie beklaut werden, wenn die Mitarbeiter den Tatterich kriegen, wenn die Penner die Kundschaft verscheuchen&#8230;<\/p>\n<figure id=\"attachment_1685\" aria-describedby=\"caption-attachment-1685\" style=\"width: 300px\" class=\"wp-caption aligncenter\"><img loading=\"lazy\" decoding=\"async\" class=\"wp-image-1685 size-medium\" src=\"http:\/\/vettensjournal.de\/klassischer-journalismus\/wp-content\/uploads\/2015\/06\/IMG_5466-300x204.jpg\" alt=\"IMG_5466\" width=\"300\" height=\"204\" srcset=\"https:\/\/vettensjournal.de\/klassischer-journalismus\/wp-content\/uploads\/2015\/06\/IMG_5466-300x204.jpg 300w, https:\/\/vettensjournal.de\/klassischer-journalismus\/wp-content\/uploads\/2015\/06\/IMG_5466-600x407.jpg 600w, https:\/\/vettensjournal.de\/klassischer-journalismus\/wp-content\/uploads\/2015\/06\/IMG_5466.jpg 980w\" sizes=\"auto, (max-width: 300px) 100vw, 300px\" \/><figcaption id=\"caption-attachment-1685\" class=\"wp-caption-text\">Heil&#8217;ge Hallen, f\u00fcrwahr! FOTOS: BARBARA VOLKMER, KaDeWe<\/figcaption><\/figure>\n<p>Die k\u00f6nnen aber auch supercharmant sein und paradiesische Stimmung verbreiten. Wenn sich die tausenddreihundert K\u00e4sesorten gut verkaufen, wenn der Robbie Williams oder die Knef zu Gast ist &#8211; oder wie jetzt: Da haben sich die KaDeWe-ler mit hochm\u00f6genden italienischen Herrschaften ins Bett gelegt. Das ist eine Verm\u00e4hlung, bei der die Liebhaber des Luxuslebens nur so mit der Zunge schnalzen.<\/p>\n<figure id=\"attachment_1690\" aria-describedby=\"caption-attachment-1690\" style=\"width: 202px\" class=\"wp-caption aligncenter\"><img loading=\"lazy\" decoding=\"async\" class=\"wp-image-1690 size-medium\" src=\"http:\/\/vettensjournal.de\/klassischer-journalismus\/wp-content\/uploads\/2015\/06\/Unbenannt-19-202x300.jpg\" alt=\"Unbenannt-19\" width=\"202\" height=\"300\" \/><figcaption id=\"caption-attachment-1690\" class=\"wp-caption-text\">Die Knef kann&#8217;s St\u00f6bern nicht lassen.<\/figcaption><\/figure>\n<p>Die &#8220;Lebensmittelzeitung&#8221; stellt den Schampus kalt und berichtet vor der Fete n\u00fcchtern: &#8220;Der italienische Betreiber von Luxus-Warenh\u00e4usern La Rinascente steigt als strategischer Partner bei der KaDeWe Group ein. Gemeinsam wollen die beiden Partner mit Zuk\u00e4ufen und Millioneninvestitionen zum europ\u00e4ischen Marktf\u00fchrer im Premiumsegment aufsteigen.&#8221;<\/p>\n<figure id=\"attachment_1687\" aria-describedby=\"caption-attachment-1687\" style=\"width: 300px\" class=\"wp-caption aligncenter\"><img loading=\"lazy\" decoding=\"async\" class=\"wp-image-1687 size-medium\" src=\"http:\/\/vettensjournal.de\/klassischer-journalismus\/wp-content\/uploads\/2015\/06\/IMG_5470-300x213.jpg\" alt=\"IMG_5470\" width=\"300\" height=\"213\" \/><figcaption id=\"caption-attachment-1687\" class=\"wp-caption-text\">Strahlend, sagt man, soll die Zukunft sein.<\/figcaption><\/figure>\n<p>Na bitte! Geht doch noch was im Warentempel am Wittenbergplatz. Man darf hoffen, dass das KaDeWe uns allen noch viel Freude bereiten wird. Laut &#8220;Tagesspiegel&#8221; ist &#8220;die Partnerschaft mit Investitionen in dreistelliger Millionenh\u00f6he verbunden. Mit dem Geld sollen unter anderem Luxuskaufh\u00e4user in Wien und Prag nach dem Vorbild der Einkaufstempel von La Rinascente entstehen. Aber auch an den drei bisherigen Standorten der KaDeWe-Gruppe in Berlin, dem Alsterhaus in Hamburg und Oberpollinger in M\u00fcnchen soll dem Vernehmen nach kr\u00e4ftig investiert werden: So soll offenbar das Aush\u00e4ngeschild des KaDeWe, die Lebensmittelabteilung, k\u00fcnftig noch exklusiver werden.&#8221;<\/p>\n<p>Siehste! Da hat damals der olle Adi schon die richtigen Visionen gehabt. Ein j\u00fcdischer Kaufmann war Adolf Jandorf &#8211; und als er im Jahr 1907 seine Super-Klitsche in der verpennten Tauentzienstra\u00dfe er\u00f6ffnete, haben sich viele an die Stirn getippt. Ein riesiges Warenhaus in einer Wohngegend &#8211; sowas nennt man dann wohl meschugge!<\/p>\n<figure id=\"attachment_1686\" aria-describedby=\"caption-attachment-1686\" style=\"width: 300px\" class=\"wp-caption aligncenter\"><img loading=\"lazy\" decoding=\"async\" class=\"wp-image-1686 size-medium\" src=\"http:\/\/vettensjournal.de\/klassischer-journalismus\/wp-content\/uploads\/2015\/06\/IMG_5478-300x212.jpg\" alt=\"IMG_5478\" width=\"300\" height=\"212\" srcset=\"https:\/\/vettensjournal.de\/klassischer-journalismus\/wp-content\/uploads\/2015\/06\/IMG_5478-300x212.jpg 300w, https:\/\/vettensjournal.de\/klassischer-journalismus\/wp-content\/uploads\/2015\/06\/IMG_5478-600x424.jpg 600w, https:\/\/vettensjournal.de\/klassischer-journalismus\/wp-content\/uploads\/2015\/06\/IMG_5478.jpg 980w\" sizes=\"auto, (max-width: 300px) 100vw, 300px\" \/><figcaption id=\"caption-attachment-1686\" class=\"wp-caption-text\">&#8220;Was Lage ist, bestimme ich!&#8221;<\/figcaption><\/figure>\n<p>Ach, lasst mir doch meine Ruhe, hat der olle Adi gemeint. Und wenn sie ihn weiter l\u00f6cherten, bekamen sie zu h\u00f6ren: &#8220;Was Lage ist, bestimme ich.&#8221;<\/p>\n<p>Genau. Besser und besser ist die Lage geworden, gr\u00f6\u00dfer und gr\u00f6\u00dfer das Haus. Der Hitler hat das KaDeWe nicht gemocht. Die Amis haben es am 23. November 1943 fast in Schutt und Asche gebombt.<\/p>\n<p>Aber nach dem Krieg stand da immer noch was. Und am 3. Juli 1950 st\u00fcrmten zur Wiederer\u00f6ffnung 180.000 Berliner das KaDeWe und deckten sich vor allem mit Fett und W\u00fcrstchen ein. So viele Menschen dr\u00e4ngelten sich auf dem Vorplatz nur noch kurz nach der Wende &#8211; da haben sich die Ossis ihren Traum vom Kucken erf\u00fcllt.<\/p>\n<p>Jetzt also, nach vielem Hin und Her, wieder ein neuer Besitzer. Aus Italien kommt er. Hat auch eine sch\u00f6ne Vorgeschichte:<\/p>\n<p>Die Br\u00fcder Luigi e Ferdinando Bocconi, Gr\u00fcnder der gleichnamigen Universit\u00e4t Mailands, waren auch die Initiatoren des 1865 er\u00f6ffneten ersten Kaufhauses f\u00fcr konfektionierte Markenkleidung in Mailand. Die Idee hatte gro\u00dfen Erfolg, und 1917 gr\u00fcndete Gabriele D&#8217;Annunzio La Rinascente als einen Ort, wo K\u00fcnstler in Abteilungen ihre hochwertigen Waren anpriesen. La Rinascente ist heute das Top-In Kaufhaus auf acht Etagen auf der Piazza del Duomo.<\/p>\n<figure id=\"attachment_1688\" aria-describedby=\"caption-attachment-1688\" style=\"width: 249px\" class=\"wp-caption aligncenter\"><img loading=\"lazy\" decoding=\"async\" class=\"wp-image-1688 size-medium\" src=\"http:\/\/vettensjournal.de\/klassischer-journalismus\/wp-content\/uploads\/2015\/06\/IMG_5465-249x300.jpg\" alt=\"IMG_5465\" width=\"249\" height=\"300\" \/><figcaption id=\"caption-attachment-1688\" class=\"wp-caption-text\">Oh, wie verf\u00fchrerisch!<\/figcaption><\/figure>\n<p>Die Signore und Signori sind selbstbewusst und erkl\u00e4ren, ihnen geh\u00f6re die Zukunft. Nein, die haben keinen Bammel sie k\u00f6nnten sich verheben. Bei ihnen klingt eine Eigenbeschreibung so:<\/p>\n<p><em>&#8220;Soprattutto ha saputo leggere i segnali del proprio tempo, cambiare rotta al momento giusto e diventare un punto di riferimento per lo shopping di alto livello.&#8221;<\/em><\/p>\n<p>Geht&#8217;s auch auf Deutsch? Klar:<\/p>\n<p>Wir sind die Ober-Checker. Uns erwischste nicht auf dem falschen Fu\u00df. Wir h\u00e4ngen die M\u00e4ntel nach dem Wind. Und wir verkaufen auch unsere Oma &#8211; Hauptsache, der Preis stimmt.<\/p>\n<p>Und wennse zu alt is, die Omma, dann wirdse entlassen.<\/p>\n<figure id=\"attachment_1683\" aria-describedby=\"caption-attachment-1683\" style=\"width: 204px\" class=\"wp-caption aligncenter\"><img loading=\"lazy\" decoding=\"async\" class=\"wp-image-1683 size-medium\" src=\"http:\/\/vettensjournal.de\/klassischer-journalismus\/wp-content\/uploads\/2015\/06\/DSC1889-204x300.jpg\" alt=\"_DSC1889\" width=\"204\" height=\"300\" srcset=\"https:\/\/vettensjournal.de\/klassischer-journalismus\/wp-content\/uploads\/2015\/06\/DSC1889-204x300.jpg 204w, https:\/\/vettensjournal.de\/klassischer-journalismus\/wp-content\/uploads\/2015\/06\/DSC1889-600x883.jpg 600w, https:\/\/vettensjournal.de\/klassischer-journalismus\/wp-content\/uploads\/2015\/06\/DSC1889.jpg 666w\" sizes=\"auto, (max-width: 204px) 100vw, 204px\" \/><figcaption id=\"caption-attachment-1683\" class=\"wp-caption-text\">Tritt ein, Fremder, Kucken kostet nix.<\/figcaption><\/figure>\n<p>&nbsp;<\/p>\n<p>&nbsp;<\/p>\n<p>&nbsp;<\/p>\n<p>&nbsp;<\/p>\n<p>&nbsp;<\/p>\n<p>&nbsp;<\/p>\n","protected":false},"excerpt":{"rendered":"<p>berlin, 9. juni 2015 Vor einem halben Jahr hat das KaDeWe, diese Kaufhaus-Institution in Berlin, den Peter Georgi, den alten Sack, raus geschmissen. Ein Jahrzehnt lang war er &#8211; kr\u00e4ftige Statur, pr\u00e4chtiger Bart, Pausb\u00e4ckchen &#8211; gut genug gewesen, zur lauten Stillen Zeit in einem rot-wei\u00dfen Mantel im Atrium des Hauses den Weihnachtsmann zu mimen. Doch [&hellip;]<\/p>\n","protected":false},"author":3,"featured_media":1684,"comment_status":"closed","ping_status":"closed","sticky":false,"template":"","format":"standard","meta":{"footnotes":""},"categories":[20,1],"tags":[182,486,517,515,357,516,80,518],"class_list":["post-1691","post","type-post","status-publish","format-standard","has-post-thumbnail","hentry","category-reportage","category-uncategorized","tag-berlin","tag-hitler-adolf","tag-jandorf-adolf","tag-kadewe","tag-knef-hildegard","tag-rinascente","tag-williams-robbie","tag-wittenbergplatz","has-post-title","has-post-date","has-post-category","has-post-tag","has-post-comment","has-post-author",""],"_links":{"self":[{"href":"https:\/\/vettensjournal.de\/klassischer-journalismus\/wp-json\/wp\/v2\/posts\/1691","targetHints":{"allow":["GET"]}}],"collection":[{"href":"https:\/\/vettensjournal.de\/klassischer-journalismus\/wp-json\/wp\/v2\/posts"}],"about":[{"href":"https:\/\/vettensjournal.de\/klassischer-journalismus\/wp-json\/wp\/v2\/types\/post"}],"author":[{"embeddable":true,"href":"https:\/\/vettensjournal.de\/klassischer-journalismus\/wp-json\/wp\/v2\/users\/3"}],"replies":[{"embeddable":true,"href":"https:\/\/vettensjournal.de\/klassischer-journalismus\/wp-json\/wp\/v2\/comments?post=1691"}],"version-history":[{"count":1,"href":"https:\/\/vettensjournal.de\/klassischer-journalismus\/wp-json\/wp\/v2\/posts\/1691\/revisions"}],"predecessor-version":[{"id":1696,"href":"https:\/\/vettensjournal.de\/klassischer-journalismus\/wp-json\/wp\/v2\/posts\/1691\/revisions\/1696"}],"wp:featuredmedia":[{"embeddable":true,"href":"https:\/\/vettensjournal.de\/klassischer-journalismus\/wp-json\/wp\/v2\/media\/1684"}],"wp:attachment":[{"href":"https:\/\/vettensjournal.de\/klassischer-journalismus\/wp-json\/wp\/v2\/media?parent=1691"}],"wp:term":[{"taxonomy":"category","embeddable":true,"href":"https:\/\/vettensjournal.de\/klassischer-journalismus\/wp-json\/wp\/v2\/categories?post=1691"},{"taxonomy":"post_tag","embeddable":true,"href":"https:\/\/vettensjournal.de\/klassischer-journalismus\/wp-json\/wp\/v2\/tags?post=1691"}],"curies":[{"name":"wp","href":"https:\/\/api.w.org\/{rel}","templated":true}]}}