{"id":1677,"date":"2015-06-08T20:36:44","date_gmt":"2015-06-08T20:36:44","guid":{"rendered":"http:\/\/vettensjournal.de\/klassischer-journalismus\/?p=1677"},"modified":"2015-06-08T20:52:08","modified_gmt":"2015-06-08T20:52:08","slug":"der-kater","status":"publish","type":"post","link":"https:\/\/vettensjournal.de\/klassischer-journalismus\/der-kater\/","title":{"rendered":"DER KATER!"},"content":{"rendered":"<p><em><strong>berlin, 8. juni 2015<\/strong><\/em><\/p>\n<p><strong>Oh Mann, war &#8216;ne schwere Nacht. &#8220;sputnik&#8221; ist gestern zur Feier des &#8220;Tages des Hundes&#8221; ausgef\u00fchrt worden. So richtig spritzig in die bessere Gesellschaft. Untern Kreuzberg, in den Tiergarten, zum Volkspark und so. Es gab Fressen aus der Hand und von Fremden, man hat gar ein paar versprengte spanische Fu\u00dfballfans getroffen. Dann hat man sich auf den Heimweg gemacht (war echt eine aasige Latscherei) und ist schlie\u00dflich angekommen. Noch den Napf leer gemacht &#8211; und dann nix wie ab in die Falle.<\/strong><\/p>\n<p>Nun tr\u00e4umt der Hund von seinen Erlebnissen:<\/p>\n<p>Da ist der alte Mann aus der Nachbarschaft gewesen. Der f\u00fchrt immer so einen r\u00e4udigen Schwanz-Einzieher aus. Der darf zwar ohne Leine laufen, aber wenn man ihn einmal anknurrt, sprintet er los. Ein totaler Schiss-Hase, der Typ.<\/p>\n<figure id=\"attachment_1676\" aria-describedby=\"caption-attachment-1676\" style=\"width: 213px\" class=\"wp-caption aligncenter\"><img loading=\"lazy\" decoding=\"async\" class=\"wp-image-1676 size-medium\" src=\"http:\/\/vettensjournal.de\/klassischer-journalismus\/wp-content\/uploads\/2015\/06\/IMG_5432-213x300.jpg\" alt=\"IMG_5432\" width=\"213\" height=\"300\" srcset=\"https:\/\/vettensjournal.de\/klassischer-journalismus\/wp-content\/uploads\/2015\/06\/IMG_5432-213x300.jpg 213w, https:\/\/vettensjournal.de\/klassischer-journalismus\/wp-content\/uploads\/2015\/06\/IMG_5432.jpg 555w\" sizes=\"auto, (max-width: 213px) 100vw, 213px\" \/><figcaption id=\"caption-attachment-1676\" class=\"wp-caption-text\">Champions League. Elmau. Tag des Hundes. War &#8216;ne ganz sch\u00f6ne Sause an diesem Wochenende. FOTOS: BARBARA VOLKMER<\/figcaption><\/figure>\n<p>Sein Herrchen ist auf Hartz IV und sehr traurig. Immer freundlich und immer nett. Der redet auch gern mit anderen Hundef\u00fchrern. Und sagt dann Sachen wie &#8220;Wennn\u00a0 ich den Hund nich h\u00e4tte, k\u00e4me ich gar nicht mehr aus der Bude. Und dann k\u00f6nnte ich mich gleich aufh\u00e4ngen.&#8221;<\/p>\n<p>Naja, dann war man in den Stra\u00dfen mit den hohen H\u00e4usern. Da war es nach der lauen Nacht schon fast wieder hell, am Checkpoint haben sie die Reste von &#8216;nem bl\u00f6den Unfall weg gemacht. Es hat tierisch nach Blut gerochen (da ist einer fast gestorben). Und nach Alkohol, das war die Fahne von dem Fahrer, der verduftet war.<\/p>\n<p>Dann hat man sich einen Kaffee besorgt, und die Frau hinterm Tresen hat das Lied aus dem Radio mit gesungen. Die war ganz fidel, man hat gesagt, das ist aber fein, dass sie das Leben so freut. Da hat sie gelacht und den sch\u00f6nen Busen raus gestreckt: &#8220;Es gibt so&#8217;ne Tage, da geht&#8217;s einfach gut.&#8221;<\/p>\n<p>Na, und dann ist man \u00fcbern Mehringdamm und die Yorckstra\u00dfe hoch zu dem Kiosk am Matth\u00e4usfriedhof. Da hat die gro\u00dfherzige Jugoslawin gerade ge\u00f6ffnet gehabt und allen ein Bier aufgedr\u00e4ngt.<\/p>\n<figure id=\"attachment_1675\" aria-describedby=\"caption-attachment-1675\" style=\"width: 300px\" class=\"wp-caption aligncenter\"><img loading=\"lazy\" decoding=\"async\" class=\"wp-image-1675 size-medium\" src=\"http:\/\/vettensjournal.de\/klassischer-journalismus\/wp-content\/uploads\/2015\/06\/IMG_5435-300x234.jpg\" alt=\"IMG_5435\" width=\"300\" height=\"234\" srcset=\"https:\/\/vettensjournal.de\/klassischer-journalismus\/wp-content\/uploads\/2015\/06\/IMG_5435-300x234.jpg 300w, https:\/\/vettensjournal.de\/klassischer-journalismus\/wp-content\/uploads\/2015\/06\/IMG_5435-600x469.jpg 600w, https:\/\/vettensjournal.de\/klassischer-journalismus\/wp-content\/uploads\/2015\/06\/IMG_5435.jpg 980w\" sizes=\"auto, (max-width: 300px) 100vw, 300px\" \/><figcaption id=\"caption-attachment-1675\" class=\"wp-caption-text\">Die Hoffnung stirbt zuletzt: Vielleicht doch noch was zum Futtern im Hut?<\/figcaption><\/figure>\n<p>Der alte Mann, der nicht mehr schlafen kann, war auch da. Er hat lange Haare und einen Filmhut und einen hellen Staubmantel. Ganz d\u00fcrr ist er, weil sein Magen nur noch trinken mag.<\/p>\n<p>Der Mann ist immer gut zu &#8220;sputnik&#8221;. Wenn der Tag schon \u00e4lter ist, verwickelt er den Hund auch gerne mal in eine philosophische Unterhaltung.<\/p>\n<p>Heute Morgen hatte er es mit einem, der auf dem Weg ins B\u00fcro war und schnell noch ein Helles zischte.<\/p>\n<p>&#8220;Jetzt sind die sicher schon wach, da unten in dem Schei\u00df-Bayern&#8221;, sagte der alte Mann. Dann schimpfte er ohne Pause. Die Merkel und der Obama. Der Grinse-Japse und der Kanadier-Sch\u00f6nling. Das alkoholfreie Wei\u00dfbier, die Maskierten Eingeborenen mit den Gamsb\u00e4rten. Die 24000 Bullen und die schwulen Demonstranten-Weicheier.<\/p>\n<p>&#8220;Die k\u00f6nnen ja nicht mal so einen Berg hoch marschieren.&#8221; Er hat geh\u00f6rt, dass eine im Radio gesagt hat, jetzt sei sie genug gelaufen, jetzt t\u00e4ten ihr die F\u00fc\u00dfe weh. &#8220;Ich sag&#8217; Dir, &#8216;ne Deutsche kann das nicht gewesen sein.&#8221;<\/p>\n<p>Dann legte der alte Mann die Stirn in strenge Falten. Und rechnete. 360 Millionen also soll die Fete gekostet haben. Gesch\u00e4tzt 30Mal hat die Merkel zugeschlagen. Den Obama hat sie sogar mit geschlossenen Augen abgeknutscht. 30 K\u00fcsse f\u00fcr 360 Millionen. Das macht &#8211; warte mal &#8211; 360 Millionen geteilt durch 30. &#8220;Das ist &#8216;n ganz sch\u00f6n teures Rum-Gemache gewesen. Da kannste ganz Berlin &#8216;ne Runde Puff ausgeben.&#8221;<\/p>\n<p>&#8220;sputnik&#8221; hat daraufhin durch Ziehen an der Leine zu verstehen gegeben, er sei jetzt m\u00fcde. &#8220;Komm, Alter, nach Hause!&#8221;<\/p>\n<figure id=\"attachment_1674\" aria-describedby=\"caption-attachment-1674\" style=\"width: 224px\" class=\"wp-caption aligncenter\"><img loading=\"lazy\" decoding=\"async\" class=\"wp-image-1674 size-medium\" src=\"http:\/\/vettensjournal.de\/klassischer-journalismus\/wp-content\/uploads\/2015\/06\/IMG_5447-224x300.jpg\" alt=\"IMG_5447\" width=\"224\" height=\"300\" srcset=\"https:\/\/vettensjournal.de\/klassischer-journalismus\/wp-content\/uploads\/2015\/06\/IMG_5447-224x300.jpg 224w, https:\/\/vettensjournal.de\/klassischer-journalismus\/wp-content\/uploads\/2015\/06\/IMG_5447-600x802.jpg 600w, https:\/\/vettensjournal.de\/klassischer-journalismus\/wp-content\/uploads\/2015\/06\/IMG_5447.jpg 733w\" sizes=\"auto, (max-width: 224px) 100vw, 224px\" \/><figcaption id=\"caption-attachment-1674\" class=\"wp-caption-text\">Nee! Dann eben nicht! Nacht!<\/figcaption><\/figure>\n<p>So hielt man es dann. Kein Gedanke mehr an Merkels K\u00fcsse. Wohnungst\u00fcr zu. Zylinder in die Ecke. Napf leer machen. Ab in die Heia.<\/p>\n<p>The Party is over.<\/p>\n","protected":false},"excerpt":{"rendered":"<p>berlin, 8. juni 2015 Oh Mann, war &#8216;ne schwere Nacht. &#8220;sputnik&#8221; ist gestern zur Feier des &#8220;Tages des Hundes&#8221; ausgef\u00fchrt worden. So richtig spritzig in die bessere Gesellschaft. Untern Kreuzberg, in den Tiergarten, zum Volkspark und so. Es gab Fressen aus der Hand und von Fremden, man hat gar ein paar versprengte spanische Fu\u00dfballfans getroffen. [&hellip;]<\/p>\n","protected":false},"author":3,"featured_media":1258,"comment_status":"closed","ping_status":"closed","sticky":false,"template":"","format":"standard","meta":{"footnotes":""},"categories":[20,1],"tags":[182,513,511,510,143,512,514],"class_list":["post-1677","post","type-post","status-publish","format-standard","has-post-thumbnail","hentry","category-reportage","category-uncategorized","tag-berlin","tag-checkpoint-charlie","tag-kreuzberg","tag-matthausfriedhof","tag-sputniks-welt","tag-tiergarten","tag-volkspark","has-post-title","has-post-date","has-post-category","has-post-tag","has-post-comment","has-post-author",""],"_links":{"self":[{"href":"https:\/\/vettensjournal.de\/klassischer-journalismus\/wp-json\/wp\/v2\/posts\/1677","targetHints":{"allow":["GET"]}}],"collection":[{"href":"https:\/\/vettensjournal.de\/klassischer-journalismus\/wp-json\/wp\/v2\/posts"}],"about":[{"href":"https:\/\/vettensjournal.de\/klassischer-journalismus\/wp-json\/wp\/v2\/types\/post"}],"author":[{"embeddable":true,"href":"https:\/\/vettensjournal.de\/klassischer-journalismus\/wp-json\/wp\/v2\/users\/3"}],"replies":[{"embeddable":true,"href":"https:\/\/vettensjournal.de\/klassischer-journalismus\/wp-json\/wp\/v2\/comments?post=1677"}],"version-history":[{"count":2,"href":"https:\/\/vettensjournal.de\/klassischer-journalismus\/wp-json\/wp\/v2\/posts\/1677\/revisions"}],"predecessor-version":[{"id":1682,"href":"https:\/\/vettensjournal.de\/klassischer-journalismus\/wp-json\/wp\/v2\/posts\/1677\/revisions\/1682"}],"wp:featuredmedia":[{"embeddable":true,"href":"https:\/\/vettensjournal.de\/klassischer-journalismus\/wp-json\/wp\/v2\/media\/1258"}],"wp:attachment":[{"href":"https:\/\/vettensjournal.de\/klassischer-journalismus\/wp-json\/wp\/v2\/media?parent=1677"}],"wp:term":[{"taxonomy":"category","embeddable":true,"href":"https:\/\/vettensjournal.de\/klassischer-journalismus\/wp-json\/wp\/v2\/categories?post=1677"},{"taxonomy":"post_tag","embeddable":true,"href":"https:\/\/vettensjournal.de\/klassischer-journalismus\/wp-json\/wp\/v2\/tags?post=1677"}],"curies":[{"name":"wp","href":"https:\/\/api.w.org\/{rel}","templated":true}]}}