{"id":1657,"date":"2015-06-05T21:03:14","date_gmt":"2015-06-05T21:03:14","guid":{"rendered":"http:\/\/vettensjournal.de\/klassischer-journalismus\/?p=1657"},"modified":"2015-06-05T21:04:08","modified_gmt":"2015-06-05T21:04:08","slug":"warum-wer-weiss","status":"publish","type":"post","link":"https:\/\/vettensjournal.de\/klassischer-journalismus\/warum-wer-weiss\/","title":{"rendered":"WARUM? WER WEISS?"},"content":{"rendered":"<p><em><strong>bad t\u00f6lz, 5. juni 2015<\/strong><\/em><\/p>\n<p><strong>Voraus zu schicken ist an diesem vierten Juni, zwei Tage vor dem G7-Gipfel: Freiheit ist ein z\u00e4rtes Pfl\u00e4nzchen.<\/strong><\/p>\n<p>Die Zahl der Uniformierten steigt weiter. Jetzt sollen es schon \u00fcber 20000 sein, die aufpassen, dass in Elmau den M\u00e4nnern um Angela Merkel auch kein Unbefugter zu nah auf den Anzug r\u00fcckt. Rund um Garmisch stehen auf den Wiesen ganze Hubschrauber-Flotten, \u00fcberall wird gefilmt und gefilzt. Uniformen jedweder Art stehen hinter Ecken und wachen \u00fcber des B\u00fcrgers Ruh&#8217;.<\/p>\n<p>Und damit der Aufwand auch Sinn macht, h\u00e4lt sich weiterhin das von den Polizeisprechern gen\u00e4hrte Ger\u00fccht, dass sich am Wochenende 50000 Obstinate aufs Werdenfels zu bewegen. Die k\u00f6nnen doch nur B\u00f6ses im Schilde f\u00fchren, gell?<\/p>\n<p>Auch die Spesen f\u00fcr den Gipfel werden noch ein wenig satter ausfallen als geplant. Die Sause kostet nach neuesten Sch\u00e4tzungen rund 360 Millionen.<\/p>\n<p>Nichts wie weg. Am besten geht man in der Gr\u00fcnen Zone erst einmal in aller Ruhe auf einen sch\u00f6nen Gipfel und denkt dr\u00fcber nach, was sich da in Elmau und Umgebung tut. Ist das wirklich angemessen? Bewundern wir vielleicht nur des Kaisers neue Kleider? Sind die Merkels dieser Welt vielleicht gar ein bisserl gaga?<\/p>\n<p>Fragen wird man ja noch d\u00fcrfen.<\/p>\n<p>Der Marsch f\u00fchrt auf den Blomberg. Das hat was Meditatives. Da kommen Bilder hoch. Und Assoziationen. Und es fallen einem Dinge ein, die in den letzten Tagen so in den Zeitungen zu lesen waren:<\/p>\n<figure id=\"attachment_1651\" aria-describedby=\"caption-attachment-1651\" style=\"width: 213px\" class=\"wp-caption aligncenter\"><img loading=\"lazy\" decoding=\"async\" class=\"wp-image-1651 size-medium\" src=\"http:\/\/vettensjournal.de\/klassischer-journalismus\/wp-content\/uploads\/2015\/06\/P1010481-213x300.jpg\" alt=\"P1010481\" width=\"213\" height=\"300\" srcset=\"https:\/\/vettensjournal.de\/klassischer-journalismus\/wp-content\/uploads\/2015\/06\/P1010481-213x300.jpg 213w, https:\/\/vettensjournal.de\/klassischer-journalismus\/wp-content\/uploads\/2015\/06\/P1010481-600x846.jpg 600w, https:\/\/vettensjournal.de\/klassischer-journalismus\/wp-content\/uploads\/2015\/06\/P1010481.jpg 695w\" sizes=\"auto, (max-width: 213px) 100vw, 213px\" \/><figcaption id=\"caption-attachment-1651\" class=\"wp-caption-text\">Nichts geht weiter. &#8220;Der Gr\u00fcnen-Fraktionsvorsitzende Anton Hofreiter machte Merkel f\u00fcr \u00abStillstand, Apathie und Gleichg\u00fcltigkeit\u00bb verantwortlich.&#8221; (FAZ)<\/figcaption><\/figure>\n<p>&nbsp;<\/p>\n<figure id=\"attachment_1650\" aria-describedby=\"caption-attachment-1650\" style=\"width: 233px\" class=\"wp-caption aligncenter\"><img loading=\"lazy\" decoding=\"async\" class=\"wp-image-1650 size-medium\" src=\"http:\/\/vettensjournal.de\/klassischer-journalismus\/wp-content\/uploads\/2015\/06\/P1010479-233x300.jpg\" alt=\"P1010479\" width=\"233\" height=\"300\" srcset=\"https:\/\/vettensjournal.de\/klassischer-journalismus\/wp-content\/uploads\/2015\/06\/P1010479-233x300.jpg 233w, https:\/\/vettensjournal.de\/klassischer-journalismus\/wp-content\/uploads\/2015\/06\/P1010479-600x773.jpg 600w, https:\/\/vettensjournal.de\/klassischer-journalismus\/wp-content\/uploads\/2015\/06\/P1010479.jpg 761w\" sizes=\"auto, (max-width: 233px) 100vw, 233px\" \/><figcaption id=\"caption-attachment-1650\" class=\"wp-caption-text\">Nichts flie\u00dft. \u201eDer gigantische Aufwand f\u00fcr den G7-Gipfel kann nur dadurch gerechtfertigt werden, dass in Elmau wirklich ein wegweisender Beschluss f\u00fcr den Klimaschutz gefasst wird\u201c, so Tobias M\u00fcnchmeyer von Greenpeace. (frankreich-news)<\/figcaption><\/figure>\n<p>&nbsp;<\/p>\n<figure id=\"attachment_1658\" aria-describedby=\"caption-attachment-1658\" style=\"width: 300px\" class=\"wp-caption aligncenter\"><img loading=\"lazy\" decoding=\"async\" class=\"wp-image-1658 size-medium\" src=\"http:\/\/vettensjournal.de\/klassischer-journalismus\/wp-content\/uploads\/2015\/06\/P1010520-300x226.jpg\" alt=\"P1010520\" width=\"300\" height=\"226\" srcset=\"https:\/\/vettensjournal.de\/klassischer-journalismus\/wp-content\/uploads\/2015\/06\/P1010520-300x226.jpg 300w, https:\/\/vettensjournal.de\/klassischer-journalismus\/wp-content\/uploads\/2015\/06\/P1010520-600x451.jpg 600w, https:\/\/vettensjournal.de\/klassischer-journalismus\/wp-content\/uploads\/2015\/06\/P1010520.jpg 980w\" sizes=\"auto, (max-width: 300px) 100vw, 300px\" \/><figcaption id=\"caption-attachment-1658\" class=\"wp-caption-text\">Nichts bleibt ungesehen. &#8220;In einer \u00e4u\u00dferen Zone werden neben dem Heer an Polizisten wohl technische Hilfsmittel wie Kameras und Drohnen zum Einsatz kommen, um menschliche Bewegungen zu erfassen. In Garmisch-Partenkirchen wurden sogar mobile Gef\u00e4ngniszellen eingerichtet. \u00dcber 100 Richter und Anw\u00e4lte stehen auf Abruf, um Demonstranten schnell festsetzen zu k\u00f6nnen. ,So etwas kennt der Ort eigentlich nur aus der Zeit des Dritten Reiches&#8217;, sagt Helmut Dinter, B\u00fcrgermeister von Wessobrunn.&#8221; (Der Freitag)<\/figcaption><\/figure>\n<p>&nbsp;<\/p>\n<figure id=\"attachment_1654\" aria-describedby=\"caption-attachment-1654\" style=\"width: 225px\" class=\"wp-caption aligncenter\"><img loading=\"lazy\" decoding=\"async\" class=\"wp-image-1654 size-medium\" src=\"http:\/\/vettensjournal.de\/klassischer-journalismus\/wp-content\/uploads\/2015\/06\/P1010488-225x300.jpg\" alt=\"P1010488\" width=\"225\" height=\"300\" srcset=\"https:\/\/vettensjournal.de\/klassischer-journalismus\/wp-content\/uploads\/2015\/06\/P1010488-225x300.jpg 225w, https:\/\/vettensjournal.de\/klassischer-journalismus\/wp-content\/uploads\/2015\/06\/P1010488-600x800.jpg 600w, https:\/\/vettensjournal.de\/klassischer-journalismus\/wp-content\/uploads\/2015\/06\/P1010488.jpg 735w\" sizes=\"auto, (max-width: 225px) 100vw, 225px\" \/><figcaption id=\"caption-attachment-1654\" class=\"wp-caption-text\">Nichts Genaues wei\u00df man nicht. &#8220;15, 16 Seiten lang soll die Abschlusserkl\u00e4rung des G7-Gipfels werden. Was die Chefunterh\u00e4ndler nach monatelanger Vorarbeit offen lie\u00dfen, steht in Klammern: pr\u00e4zise Ziele, Kosten und Fristen. Diese Klammern aufzul\u00f6sen, bleibt den Staats- und Regierungschefs der sieben f\u00fchrenden Industrienationen vorbehalten, die sich am Sonntag und Montag im bayerischen Elmau treffen. ,Es wird viel geredet, die Ergebnisse sind eher d\u00fcrftig&#8217;, sagt der Vizechef der Linksfraktion, Dietmar Bartsch.&#8221; (Abendblatt)<\/figcaption><\/figure>\n<p>&nbsp;<\/p>\n","protected":false},"excerpt":{"rendered":"<p>bad t\u00f6lz, 5. juni 2015 Voraus zu schicken ist an diesem vierten Juni, zwei Tage vor dem G7-Gipfel: Freiheit ist ein z\u00e4rtes Pfl\u00e4nzchen. Die Zahl der Uniformierten steigt weiter. Jetzt sollen es schon \u00fcber 20000 sein, die aufpassen, dass in Elmau den M\u00e4nnern um Angela Merkel auch kein Unbefugter zu nah auf den Anzug r\u00fcckt. [&hellip;]<\/p>\n","protected":false},"author":3,"featured_media":1652,"comment_status":"closed","ping_status":"closed","sticky":false,"template":"","format":"standard","meta":{"footnotes":""},"categories":[25,1],"tags":[504,503,278,276,280],"class_list":["post-1657","post","type-post","status-publish","format-standard","has-post-thumbnail","hentry","category-report","category-uncategorized","tag-bad-tolz","tag-blomberg","tag-elmau","tag-g7","tag-merkel-angela","has-post-title","has-post-date","has-post-category","has-post-tag","has-post-comment","has-post-author",""],"_links":{"self":[{"href":"https:\/\/vettensjournal.de\/klassischer-journalismus\/wp-json\/wp\/v2\/posts\/1657","targetHints":{"allow":["GET"]}}],"collection":[{"href":"https:\/\/vettensjournal.de\/klassischer-journalismus\/wp-json\/wp\/v2\/posts"}],"about":[{"href":"https:\/\/vettensjournal.de\/klassischer-journalismus\/wp-json\/wp\/v2\/types\/post"}],"author":[{"embeddable":true,"href":"https:\/\/vettensjournal.de\/klassischer-journalismus\/wp-json\/wp\/v2\/users\/3"}],"replies":[{"embeddable":true,"href":"https:\/\/vettensjournal.de\/klassischer-journalismus\/wp-json\/wp\/v2\/comments?post=1657"}],"version-history":[{"count":1,"href":"https:\/\/vettensjournal.de\/klassischer-journalismus\/wp-json\/wp\/v2\/posts\/1657\/revisions"}],"predecessor-version":[{"id":1661,"href":"https:\/\/vettensjournal.de\/klassischer-journalismus\/wp-json\/wp\/v2\/posts\/1657\/revisions\/1661"}],"wp:featuredmedia":[{"embeddable":true,"href":"https:\/\/vettensjournal.de\/klassischer-journalismus\/wp-json\/wp\/v2\/media\/1652"}],"wp:attachment":[{"href":"https:\/\/vettensjournal.de\/klassischer-journalismus\/wp-json\/wp\/v2\/media?parent=1657"}],"wp:term":[{"taxonomy":"category","embeddable":true,"href":"https:\/\/vettensjournal.de\/klassischer-journalismus\/wp-json\/wp\/v2\/categories?post=1657"},{"taxonomy":"post_tag","embeddable":true,"href":"https:\/\/vettensjournal.de\/klassischer-journalismus\/wp-json\/wp\/v2\/tags?post=1657"}],"curies":[{"name":"wp","href":"https:\/\/api.w.org\/{rel}","templated":true}]}}