{"id":1644,"date":"2015-06-04T08:17:18","date_gmt":"2015-06-04T08:17:18","guid":{"rendered":"http:\/\/vettensjournal.de\/klassischer-journalismus\/?p=1644"},"modified":"2015-06-05T20:14:36","modified_gmt":"2015-06-05T20:14:36","slug":"um-gottes-willen","status":"publish","type":"post","link":"https:\/\/vettensjournal.de\/klassischer-journalismus\/um-gottes-willen\/","title":{"rendered":"UM GOTTES WILLEN"},"content":{"rendered":"<p><em><strong>murnau, 3. juni 2015<\/strong><\/em><\/p>\n<p><strong>Der Sommer legt sich \u00fcbers Voralpenland. Bis zu 30 Grad warm wird es in den n\u00e4chsten Tagen, abends soll es ab und zu gewittern. Die Bauern haben das fr\u00fche Heu eingebracht, der Hahnenfu\u00df steht kn\u00f6chelhoch und h\u00f6her in den Bergwiesen, morgen wird das Volk ganz arg fromm sein und hinter den Pfarrern her durch die Gemarkungen ziehen. Dann ist Fronleichnam &#8211; und Oberbayern putzt sich so fein heraus, dass man meinen k\u00f6nnte, die Welt w\u00e4re ein immer w\u00e4hrend&#8217; Paradies.<\/strong><\/p>\n<p>Saubl\u00f6d nur, dass in Garmisch die Gegner des G7 ihre Kuppelzelte aufbauen und dass sie auch noch erkl\u00e4ren, sie h\u00e4tten nichts Feindseliges im Sinn. Dabei wei\u00df doch jeder, der dem Innenminister Herrmann aufmerksam zuh\u00f6rt, dass da ein Tsunami der Gewalt aufs sch\u00f6ne Werdenfels zu rollt.<\/p>\n<div class=\"detail_content\">\n<p class=\"detail_lead\">&#8220;Wir gehen von zwei- bis dreitausend gewaltbereiten Leuten aus, die sich am Wochenende hier in Garmisch-Partenkirchen aufhalten k\u00f6nnten und deshalb sind wir bei der Kontrolle der Zufahrtstra\u00dfen auf der Hut.<\/p>\n<figure id=\"attachment_709\" aria-describedby=\"caption-attachment-709\" style=\"width: 300px\" class=\"wp-caption aligncenter\"><img loading=\"lazy\" decoding=\"async\" class=\"wp-image-709 size-medium\" src=\"http:\/\/vettensjournal.de\/klassischer-journalismus\/wp-content\/uploads\/2015\/02\/bayern010142-31-300x201.jpg\" alt=\"bayern010142 3\" width=\"300\" height=\"201\" srcset=\"https:\/\/vettensjournal.de\/klassischer-journalismus\/wp-content\/uploads\/2015\/02\/bayern010142-31-300x201.jpg 300w, https:\/\/vettensjournal.de\/klassischer-journalismus\/wp-content\/uploads\/2015\/02\/bayern010142-31-600x402.jpg 600w, https:\/\/vettensjournal.de\/klassischer-journalismus\/wp-content\/uploads\/2015\/02\/bayern010142-31.jpg 980w\" sizes=\"auto, (max-width: 300px) 100vw, 300px\" \/><figcaption id=\"caption-attachment-709\" class=\"wp-caption-text\">Dicke Luft in Bayern.<\/figcaption><\/figure>\n<p class=\"copytext\">Laut Herrmann m\u00fcssen sich die aus dem Urlaub heimkehrenden B\u00fcrger wegen der Grenzkontrollen auf Verz\u00f6gerungen einstellen: &#8220;Jedem, dem das irgendwie m\u00f6glich ist, empfehle ich einen gro\u00dfen Bogen um das Gebiet Garmisch zu machen. Es w\u00e4re entspannter \u00fcber Salzburg oder Passau wieder einzureisen.&#8221;<\/p>\n<p class=\"copytext\">Herr Herrmann und viele Eingeborene lassen sich ihre Fremdenfurcht in diesen Tagen nicht ausreden. Das Feindbild ist klar: Wer gegen Merkels teures &#8220;Klassentreffen&#8221; in Elmau ist, hebt im Zweifelsfall auch den n\u00e4chsten Steinbrocken aus Wetterstein-Kalk auf und schleudert ihn gegen das Establishment.<\/p>\n<figure id=\"attachment_707\" aria-describedby=\"caption-attachment-707\" style=\"width: 300px\" class=\"wp-caption aligncenter\"><img loading=\"lazy\" decoding=\"async\" class=\"wp-image-707 size-medium\" src=\"http:\/\/vettensjournal.de\/klassischer-journalismus\/wp-content\/uploads\/2015\/02\/bayerng10142-3-300x201.jpg\" alt=\"bayerng10142-3\" width=\"300\" height=\"201\" srcset=\"https:\/\/vettensjournal.de\/klassischer-journalismus\/wp-content\/uploads\/2015\/02\/bayerng10142-3-300x201.jpg 300w, https:\/\/vettensjournal.de\/klassischer-journalismus\/wp-content\/uploads\/2015\/02\/bayerng10142-3-600x402.jpg 600w, https:\/\/vettensjournal.de\/klassischer-journalismus\/wp-content\/uploads\/2015\/02\/bayerng10142-3.jpg 980w\" sizes=\"auto, (max-width: 300px) 100vw, 300px\" \/><figcaption id=\"caption-attachment-707\" class=\"wp-caption-text\">Da braut sich was zusammen!<\/figcaption><\/figure>\n<p class=\"copytext\">Also haben die selbsternannten Retter des Abendlandes in Orwell&#8217;scher Manier gleich mal einen ganzen G\u00e4u zum potenziellen Katastrophengebiet erkl\u00e4rt und erwarten das Schlimmste. Und falls es in der Republik einen potenziellen Steineschmei\u00dfer und Brandstifter gegeben hat, der es noch nicht wusste: Am Wochenende ist G7 &#8211; da kann man dann beweisen, ob man ein echter Hirnlos-Anarchist ist. Da kann man doch hin fahren und dem Herrmann und seinen 15000 Polizisten die Luft aus den Reifen lassen &#8211; oder was \u00c4hnliches.<\/p>\n<p class=\"copytext\">Morgen ist erst mal Fronleichnam. Da werden die Pfarrer das Land segnen.<\/p>\n<p class=\"copytext\">Und dann warten wir mal ab, was der Gipfel so bringt. Gipfel der Langeweile. Gipfel der Sprechblasen.\u00a0 Gipfel der Gewalt. Gipfel der Geldverbrennung&#8230;<\/p>\n<p class=\"copytext\">Whatever.<\/p>\n<p class=\"copytext\">Eines ist sicher. Wo ein Gipfel ist, sind auch Abgr\u00fcnde.<\/p>\n<p class=\"copytext\" style=\"text-align: right\"><strong>Am Freitag: Worum geht es eigentlich?<\/strong><\/p>\n<\/div>\n","protected":false},"excerpt":{"rendered":"<p>murnau, 3. juni 2015 Der Sommer legt sich \u00fcbers Voralpenland. Bis zu 30 Grad warm wird es in den n\u00e4chsten Tagen, abends soll es ab und zu gewittern. Die Bauern haben das fr\u00fche Heu eingebracht, der Hahnenfu\u00df steht kn\u00f6chelhoch und h\u00f6her in den Bergwiesen, morgen wird das Volk ganz arg fromm sein und hinter den [&hellip;]<\/p>\n","protected":false},"author":3,"featured_media":710,"comment_status":"closed","ping_status":"closed","sticky":false,"template":"","format":"standard","meta":{"footnotes":""},"categories":[1],"tags":[228,276,279,502],"class_list":["post-1644","post","type-post","status-publish","format-standard","has-post-thumbnail","hentry","category-uncategorized","tag-bayern","tag-g7","tag-garmisch","tag-herrmann-joachim","has-post-title","has-post-date","has-post-category","has-post-tag","has-post-comment","has-post-author",""],"_links":{"self":[{"href":"https:\/\/vettensjournal.de\/klassischer-journalismus\/wp-json\/wp\/v2\/posts\/1644","targetHints":{"allow":["GET"]}}],"collection":[{"href":"https:\/\/vettensjournal.de\/klassischer-journalismus\/wp-json\/wp\/v2\/posts"}],"about":[{"href":"https:\/\/vettensjournal.de\/klassischer-journalismus\/wp-json\/wp\/v2\/types\/post"}],"author":[{"embeddable":true,"href":"https:\/\/vettensjournal.de\/klassischer-journalismus\/wp-json\/wp\/v2\/users\/3"}],"replies":[{"embeddable":true,"href":"https:\/\/vettensjournal.de\/klassischer-journalismus\/wp-json\/wp\/v2\/comments?post=1644"}],"version-history":[{"count":1,"href":"https:\/\/vettensjournal.de\/klassischer-journalismus\/wp-json\/wp\/v2\/posts\/1644\/revisions"}],"predecessor-version":[{"id":1656,"href":"https:\/\/vettensjournal.de\/klassischer-journalismus\/wp-json\/wp\/v2\/posts\/1644\/revisions\/1656"}],"wp:featuredmedia":[{"embeddable":true,"href":"https:\/\/vettensjournal.de\/klassischer-journalismus\/wp-json\/wp\/v2\/media\/710"}],"wp:attachment":[{"href":"https:\/\/vettensjournal.de\/klassischer-journalismus\/wp-json\/wp\/v2\/media?parent=1644"}],"wp:term":[{"taxonomy":"category","embeddable":true,"href":"https:\/\/vettensjournal.de\/klassischer-journalismus\/wp-json\/wp\/v2\/categories?post=1644"},{"taxonomy":"post_tag","embeddable":true,"href":"https:\/\/vettensjournal.de\/klassischer-journalismus\/wp-json\/wp\/v2\/tags?post=1644"}],"curies":[{"name":"wp","href":"https:\/\/api.w.org\/{rel}","templated":true}]}}