{"id":1634,"date":"2015-06-02T20:55:24","date_gmt":"2015-06-02T20:55:24","guid":{"rendered":"http:\/\/vettensjournal.de\/klassischer-journalismus\/?p=1634"},"modified":"2015-06-02T20:55:24","modified_gmt":"2015-06-02T20:55:24","slug":"operammergau","status":"publish","type":"post","link":"https:\/\/vettensjournal.de\/klassischer-journalismus\/operammergau\/","title":{"rendered":"OPERAMMERGAU"},"content":{"rendered":"<p><em><strong>oberammergau, 2. juni 2015<\/strong><\/em><\/p>\n<p><strong>Eine Kolonne Polizeifahrzeuge mit Bamberger Kennzeichen paradiert durch die Stra\u00dfen Oberammergaus. Die wenigen Einheimischen ignorieren die Patrouille nicht einmal, die vielen Touristen blicken den uniformierten Autos erstaunt hinterher. Was soll das denn in diesem friedlichen Dorf, das weltber\u00fchmt geworden ist, weil alle zehn Jahre die Einwohner die Passion Christi auf die B\u00fchne bringen?<\/strong><\/p>\n<p>Nicht wundern, m\u00f6chte man den Touristen zurufen. Der Konvoi wird bald wieder aus dem Ortsbild verschwunden sein. Das sind nur die Personensch\u00fctzer des G7. Die haben sich in 15 Tausendschaften im Werdenfels festgesetzt, werden den Demonstranten gegen Angela Merkel und die regierenden Kollegen auf die Finger klopfen &#8211; und wenn Frau Merkel und die Polit-Spezl das sch\u00f6ne Bayern wieder verlassen, machen die Gipfel-Guards auch ganz schnell die Biege.<\/p>\n<p>Dann sind die Oberammergauer und ihre Besucher wieder unter sich. Dann k\u00f6nnen sie sich auf ihren eigenen Gipfel vorbereiten.<\/p>\n<figure id=\"attachment_1640\" aria-describedby=\"caption-attachment-1640\" style=\"width: 300px\" class=\"wp-caption aligncenter\"><img loading=\"lazy\" decoding=\"async\" class=\"wp-image-1640 size-medium\" src=\"http:\/\/vettensjournal.de\/klassischer-journalismus\/wp-content\/uploads\/2015\/06\/DSC_3930-300x199.jpg\" alt=\"DSC_3930\" width=\"300\" height=\"199\" srcset=\"https:\/\/vettensjournal.de\/klassischer-journalismus\/wp-content\/uploads\/2015\/06\/DSC_3930-300x199.jpg 300w, https:\/\/vettensjournal.de\/klassischer-journalismus\/wp-content\/uploads\/2015\/06\/DSC_3930-600x397.jpg 600w, https:\/\/vettensjournal.de\/klassischer-journalismus\/wp-content\/uploads\/2015\/06\/DSC_3930.jpg 980w\" sizes=\"auto, (max-width: 300px) 100vw, 300px\" \/><figcaption id=\"caption-attachment-1640\" class=\"wp-caption-text\">Beine h\u00e4ngen lassen? Seele baumeln lassen? Jetzt nicht &#8211; bald ist Oper.<\/figcaption><\/figure>\n<p>Anfang Juli n\u00e4mlich werden in dem jesusm\u00e4\u00dfig frommen Oberammergau ganz neue T\u00f6ne angestimmt. Dann hei\u00dft das Dorf ein paar Wochen lang Operammergau.<\/p>\n<p>Im Passionsspielhaus gibt man &#8220;Nabucco&#8221;. Verdi. &#8220;Schwerer Brocken&#8221;, wie die Freunde der italienischen Oper sagen. 185 S\u00e4nger werden die B\u00fchne bev\u00f6lkern, sie werden das in der bew\u00e4hrten Manier der Passions-Darsteller tun. Regie f\u00fchrt der Theater-besessene Christian St\u00fcckl &#8211; und der Mann ist bekannt daf\u00fcr, dass er keine Angst vor monumentalen Aufz\u00fcgen hat.<\/p>\n<p>Von diesem St\u00fcckl k\u00f6nnen die G7-Endlos-Laberer eine Menge lernen.<\/p>\n<p>Der Mann l\u00e4uft am 2. Juni mit den Nachwehen eines Zahnarzt-Besuchs im unrasierten Gesicht durch sein Operammergau und hat trotz der Schmerzen alles im Griff. Er sieht die Fortschritte, die die Schreiner auf der gigantischen B\u00fchne gemacht haben. Er registriert, dass es in der Schneiderei z\u00fcgig voran geht (eine der Damen frohlockt, man werde wieder mal p\u00fcnktlich fertig sein: &#8220;Es werd&#8217; sei wia jeds Mal. Um achte auf d&#8217;Nacht bei der Premiere machn mia den letzten Stich&#8221;). St\u00fcckl kontrolliert mit kurzen Blicken, wie es um den Abverkauf der Tickets steht.<\/p>\n<figure id=\"attachment_1641\" aria-describedby=\"caption-attachment-1641\" style=\"width: 300px\" class=\"wp-caption aligncenter\"><img loading=\"lazy\" decoding=\"async\" class=\"wp-image-1641 size-medium\" src=\"http:\/\/vettensjournal.de\/klassischer-journalismus\/wp-content\/uploads\/2015\/06\/DSC_3988-300x199.jpg\" alt=\"DSC_3988\" width=\"300\" height=\"199\" srcset=\"https:\/\/vettensjournal.de\/klassischer-journalismus\/wp-content\/uploads\/2015\/06\/DSC_3988-300x199.jpg 300w, https:\/\/vettensjournal.de\/klassischer-journalismus\/wp-content\/uploads\/2015\/06\/DSC_3988-600x397.jpg 600w, https:\/\/vettensjournal.de\/klassischer-journalismus\/wp-content\/uploads\/2015\/06\/DSC_3988.jpg 980w\" sizes=\"auto, (max-width: 300px) 100vw, 300px\" \/><figcaption id=\"caption-attachment-1641\" class=\"wp-caption-text\">Der &#8220;Bauherr&#8221; von Operammergau: Christian St\u00fcckl. FOTOS: BARBARA VOLKMER<\/figcaption><\/figure>\n<p>Und abends steht er bei den Chorproben im Hintergrund und nimmt befriedigt zur Kenntnis, dass sein musikaischer Leiter Markus Zwink die Operammergauer peu \u00e0 peu auf Touren bringt. Was gar nicht so einfach ist &#8211; Zwink l\u00e4chelt und meint, mit dem Verdi sei schlie\u00dflich nicht zu spa\u00dfen. &#8220;Der zwingt Dich zum Pianissimo oder zum Fortissimo &#8211; dazwischen kennt der kaum was.&#8221;<\/p>\n<p>Der Zwink Markus bringt den Leuten die T\u00f6ne bei. Die Schreiner bauen eine neue Welt. In der Schneiderei wei\u00df jeder, was er zu tun hat. Wenn es etwas auszudiskutieren gibt, dann geschieht das auf die Schnelle.<\/p>\n<p>Und der St\u00fcckl, der Chef von dem Ganzen, zeigt, wo es lang geht.<\/p>\n<p>Der Christian St\u00fcckl ist in Operammergau ja so etwas wie die Angela Merkel und der Obama in Ellmau.<\/p>\n<p>Der Fortissimo-St\u00fcckl macht sein Ding gut.<\/p>\n<p>Und Frau Merkel? Na, die steht eher auf Piano. Und sie hat auf jeden Fall mehr Aufpasser<\/p>\n","protected":false},"excerpt":{"rendered":"<p>oberammergau, 2. juni 2015 Eine Kolonne Polizeifahrzeuge mit Bamberger Kennzeichen paradiert durch die Stra\u00dfen Oberammergaus. Die wenigen Einheimischen ignorieren die Patrouille nicht einmal, die vielen Touristen blicken den uniformierten Autos erstaunt hinterher. Was soll das denn in diesem friedlichen Dorf, das weltber\u00fchmt geworden ist, weil alle zehn Jahre die Einwohner die Passion Christi auf die [&hellip;]<\/p>\n","protected":false},"author":3,"featured_media":1639,"comment_status":"closed","ping_status":"closed","sticky":false,"template":"","format":"standard","meta":{"footnotes":""},"categories":[20,1],"tags":[276,280,500,498,501,497,499],"class_list":["post-1634","post","type-post","status-publish","format-standard","has-post-thumbnail","hentry","category-reportage","category-uncategorized","tag-g7","tag-merkel-angela","tag-nabucco","tag-oberammergau","tag-passionsspiele","tag-stuckl-christian","tag-verdi-giuseppe","has-post-title","has-post-date","has-post-category","has-post-tag","has-post-comment","has-post-author",""],"_links":{"self":[{"href":"https:\/\/vettensjournal.de\/klassischer-journalismus\/wp-json\/wp\/v2\/posts\/1634","targetHints":{"allow":["GET"]}}],"collection":[{"href":"https:\/\/vettensjournal.de\/klassischer-journalismus\/wp-json\/wp\/v2\/posts"}],"about":[{"href":"https:\/\/vettensjournal.de\/klassischer-journalismus\/wp-json\/wp\/v2\/types\/post"}],"author":[{"embeddable":true,"href":"https:\/\/vettensjournal.de\/klassischer-journalismus\/wp-json\/wp\/v2\/users\/3"}],"replies":[{"embeddable":true,"href":"https:\/\/vettensjournal.de\/klassischer-journalismus\/wp-json\/wp\/v2\/comments?post=1634"}],"version-history":[{"count":1,"href":"https:\/\/vettensjournal.de\/klassischer-journalismus\/wp-json\/wp\/v2\/posts\/1634\/revisions"}],"predecessor-version":[{"id":1642,"href":"https:\/\/vettensjournal.de\/klassischer-journalismus\/wp-json\/wp\/v2\/posts\/1634\/revisions\/1642"}],"wp:featuredmedia":[{"embeddable":true,"href":"https:\/\/vettensjournal.de\/klassischer-journalismus\/wp-json\/wp\/v2\/media\/1639"}],"wp:attachment":[{"href":"https:\/\/vettensjournal.de\/klassischer-journalismus\/wp-json\/wp\/v2\/media?parent=1634"}],"wp:term":[{"taxonomy":"category","embeddable":true,"href":"https:\/\/vettensjournal.de\/klassischer-journalismus\/wp-json\/wp\/v2\/categories?post=1634"},{"taxonomy":"post_tag","embeddable":true,"href":"https:\/\/vettensjournal.de\/klassischer-journalismus\/wp-json\/wp\/v2\/tags?post=1634"}],"curies":[{"name":"wp","href":"https:\/\/api.w.org\/{rel}","templated":true}]}}