{"id":1626,"date":"2015-06-01T21:11:05","date_gmt":"2015-06-01T21:11:05","guid":{"rendered":"http:\/\/vettensjournal.de\/klassischer-journalismus\/?p=1626"},"modified":"2015-06-01T21:26:04","modified_gmt":"2015-06-01T21:26:04","slug":"der-wurm-drin","status":"publish","type":"post","link":"https:\/\/vettensjournal.de\/klassischer-journalismus\/der-wurm-drin\/","title":{"rendered":"DER WURM DRIN?"},"content":{"rendered":"<p><em><strong>murnau, 1. juni 2015<\/strong><\/em><\/p>\n<p><strong>Liebe Menschen-Freunde, der sputnik&#8221; treibt sich wieder mal im S\u00fcden der Republik herum. Heute ist er \u00fcber den Markt von Murnau gestromert und wollte gerade das Bein an der Mariens\u00e4ule heben, da erstarrte ihm die Pose. Drei bis an die Z\u00e4hne bewaffnete Zweibeiner nahmen den kleinen Hund ins Fadenkreuz. Das waren humorfreie Mitglieder einer f\u00fcrchtenswerten Truppe von Bodyguards &#8211; sie k\u00fcmmern sich um M\u00e4chtige der Welt, die in ein paar Tagen ins Werdenfels reisen, um Beschl\u00fcsse f\u00fcr den Globus zu fassen. Oder zumindest, um gut und ungest\u00f6rt zu essen.<\/strong><\/p>\n<p>Sowas nennt sich G7 &#8211; und das muss ganz doll gesch\u00fctzt werden.<\/p>\n<p>Also, &#8220;sputnik&#8221; unterdr\u00fcckte seinen Harndrang und verlie\u00df das Murnauer &#8220;Sperrgebiet&#8221;<\/p>\n<p>G7: der Gipfel der Sieben. Ein Wahnsinns-Forum, fr\u00fcher haben da Spezialisten \u00fcber Finanz- und W\u00e4hrungsfragen diskutiert.<\/p>\n<p>Kleiner Kreis, drei Handvoll Personensch\u00fctzer.<\/p>\n<p>Heute palavert ein Kolossal-Kolleg \u00fcber Gesundheits und Bildung, Wirtschaft und Bev\u00f6lkerungsentwicklung, Umwelt, Klimawandel, Au\u00dfenpolitik, Fragen des internationalen Rechtes, Strafverfolgung, Terrorismus, internationaler Handel und Binnenangelegenheiten (Anbindung an Land-, See- und Luftwege)&#8230; Ganz, ganz wichtig ist die Au\u00dfenpolitik.<\/p>\n<p>Da braucht man schon eine Handvoll Wild-Bewaffneter mehr.<\/p>\n<p>Nun kann &#8220;sputnik&#8221;, ein echter canis sapiens (denk f\u00e4higer Hund, d.\u00dcbers.), da schon auf Paralellen im Tierreich verweisen.<\/p>\n<figure id=\"attachment_1260\" aria-describedby=\"caption-attachment-1260\" style=\"width: 300px\" class=\"wp-caption aligncenter\"><img loading=\"lazy\" decoding=\"async\" class=\"wp-image-1260 size-medium\" src=\"http:\/\/vettensjournal.de\/klassischer-journalismus\/wp-content\/uploads\/2015\/04\/IMG_3075-300x225.jpg\" alt=\"IMG_3075\" width=\"300\" height=\"225\" srcset=\"https:\/\/vettensjournal.de\/klassischer-journalismus\/wp-content\/uploads\/2015\/04\/IMG_3075-300x225.jpg 300w, https:\/\/vettensjournal.de\/klassischer-journalismus\/wp-content\/uploads\/2015\/04\/IMG_3075-1024x768.jpg 1024w, https:\/\/vettensjournal.de\/klassischer-journalismus\/wp-content\/uploads\/2015\/04\/IMG_3075-600x450.jpg 600w\" sizes=\"auto, (max-width: 300px) 100vw, 300px\" \/><figcaption id=\"caption-attachment-1260\" class=\"wp-caption-text\">Konferenzen? Nur, wenn ich der Alpha bin.<\/figcaption><\/figure>\n<p>Der Schriftsteller Manfred Kyber zum Beispiel hat seine eigenen G7-Recherchen in &#8220;Konferenz der Regenw\u00fcrmer&#8221; festgehalten:<\/p>\n<p style=\"text-align: center\"><em>&#8220;Die Regenw\u00fcrmer hatten einen Kongre\u00df einberufen.<\/em><\/p>\n<p style=\"text-align: center\"><em>Es war ein moderner Kongre\u00df. Darum hie\u00df er nicht der Kongre\u00df der Regenw\u00fcrmer, sondern der K.d.R. Der K.d.R. tagte im Garten an einer recht staubigen Stelle. Es wurden nur Fragen der Bodenkultur er\u00f6rtert. Weiter geht der Horizont der Regenw\u00fcrmer nicht. Sie kriechen auf der Erde und essen Erde. Es sind arme bescheidene Leute, aber sie sind n\u00fctzlich und notwendig. Die Erde w\u00fcrde ohne sie nicht gedeihen. Ihre Arbeit mu\u00df verrichtet werden. Es war Abend. Die D\u00e4mmerung lag auf den Wegen, auf denen der K.d.R. zusammengekrochen war.<\/em><\/p>\n<p style=\"text-align: center\"><em>Ein langer alter Regenwurm hatte den Vorsitz \u00fcbernommen. Er besprach Fragen lokaler Natur, die Bodenverh\u00e4ltnisse des Gartens, in dem man arbeitete. Es waren erfreuliche Resultate.<\/em><\/p>\n<p style=\"text-align: center\"><em>,Wir sind schon recht tief in die Erde eingedrungen&#8217;, sagte der Pr\u00e4sident des K.d.R. ,Wir haben viele Erdschichten an die Oberfl\u00e4che bef\u00f6rdert, von denen niemand vorher etwas wu\u00dfte. Wir haben sie zerlegt und zerkleinert. Aber die Erde scheint noch tiefer zu sein, als wir dachten. Sie scheint noch mehr zu bergen, als wir heraufgeschafft haben. Wir m\u00fcssen flei\u00dfig weiter \u00fcberall herumkriechen und Erde essen. Es ist eine gro\u00dfe Aufgabe. Damit schlie\u00dfe ich den K.d.R.&#8217;<\/em><\/p>\n<p style=\"text-align: center\"><em>Er ringelte sich verbindlich.<\/em><\/p>\n<p style=\"text-align: center\"><em>Der offizielle Teil des K.d.R. war erledigt.&#8221;<\/em><\/p>\n<figure id=\"attachment_1071\" aria-describedby=\"caption-attachment-1071\" style=\"width: 300px\" class=\"wp-caption aligncenter\"><img loading=\"lazy\" decoding=\"async\" class=\"wp-image-1071 size-medium\" src=\"http:\/\/vettensjournal.de\/klassischer-journalismus\/wp-content\/uploads\/2015\/03\/DSC_0599-Kopie-300x218.jpg\" alt=\"DSC_0599-Kopie\" width=\"300\" height=\"218\" srcset=\"https:\/\/vettensjournal.de\/klassischer-journalismus\/wp-content\/uploads\/2015\/03\/DSC_0599-Kopie-300x218.jpg 300w, https:\/\/vettensjournal.de\/klassischer-journalismus\/wp-content\/uploads\/2015\/03\/DSC_0599-Kopie-600x436.jpg 600w, https:\/\/vettensjournal.de\/klassischer-journalismus\/wp-content\/uploads\/2015\/03\/DSC_0599-Kopie.jpg 980w\" sizes=\"auto, (max-width: 300px) 100vw, 300px\" \/><figcaption id=\"caption-attachment-1071\" class=\"wp-caption-text\">Aber man muss ja nicht in alles die Nase rein stecken. FOTOS: BARBARA VOLKMER<\/figcaption><\/figure>\n<p>So schnell kann man also zu Ergebnissen kommen. Manchmal freilich br\u00f6selt so ein Gipfel wegen unvorhergesehener Misshelligkeiten gewaltig. Das hat Erich K\u00e4stner in der &#8220;Konferenz der Tiere&#8221; notiert:<\/p>\n<p style=\"text-align: center\"><em>&#8220;telegramm an alle welt: \u2013..\u2013 konferenz in kapstadt er\u00f6ffnet \u2013..\u2013 alle staatsh\u00e4upter und Staatsoberh\u00e4upter gesund eingetroffen \u2013..\u2013 sehen Verst\u00e4ndigung aufs zukunftsfroheste entgegen \u2013..\u2013 unbedeutende meinungsverschiedenheiten hinsichtlich tagesordnung \u2013..\u2013 \u00c4nderungsantrag betreffs gesch\u00e4ftsordnung \u2013..\u2013 erregte debatte wegen Sitzordnung \u2013..\u2013 wetter ausgezeichnet -..-<\/em><\/p>\n<p style=\"text-align: center\"><em>telegramm an alle welt: \u2013..\u2013 gesamtes aktenmaterial der kapstadter konferenz durch m\u00e4useplage vernichtet \u2013..\u2013 fortf\u00fchrung der Verhandlungen dadurch ernstlich in frage gestellt \u2013..\u2013 konferenz der tiere stellt ultimative forderung \u2013..\u2013 geheime beratungen im gange -..ablehnung des Ultimatums selbstverst\u00e4ndlich&#8221;<\/em><\/p>\n<p>Wie wir sehen, braucht der Elmauer G7-Gipfel gro\u00dfen R\u00fcckhalt aus der Bev\u00f6lkerung. Wir w\u00fcnschen doch den Herrschaften &#8211; au\u00dfer exzellenten Verk\u00f6stigung &#8211; den Langmut und die Weisheit und die Fertigkeit, die Geschicke der Welt zu retten. &#8220;sputnik&#8221; hat im Netz ein Modell entdeckt, wie das vielleicht funktionieren k\u00f6nnte im Werdenfels. Warum machen&#8217;s die G7-M\u00e4chtigen nicht wie die Teilnehmer des &#8220;dogmeeting&#8221;? Das n\u00e4mlich ist der letzte Schrei im Netz.<\/p>\n<p style=\"text-align: center\"><em>&#8220;Was ist dogmeeting?<\/em><\/p>\n<p style=\"text-align: center\"><em>Das ganzheitliche Wahrnehmen des Hund-Mensch-Teams,<\/em><\/p>\n<p style=\"text-align: center\"><em>Mentales Einf\u00fchlen und Erkennen des Problems,<\/em><\/p>\n<p style=\"text-align: center\"><em>Bachbl\u00fcten, Heilenergien und<\/em><\/p>\n<p style=\"text-align: center\"><em>Gezieltes Training im Einklang mit der Hundeseele.<\/em><\/p>\n<p style=\"text-align: center\"><em>Bei einem dog-Meeting versuchen wir, eventuelle Missverst\u00e4ndnisse aus der Welt zu schaffen. Bachbl\u00fcten und Heilenergien werden den Weg in eine neue ausgeglichene Zukunft erleichtern.\u00a0 Nimm Dir f\u00fcr eine Sitzung drei bis vier Stunden Zeit. Sch\u00f6n w\u00e4re es wenn wir beim dogmeeting ungest\u00f6rt w\u00e4ren.&#8221;<\/em><\/p>\n<p>Echt? Das Ganze kostet nur 140 Euro, und Personensch\u00fctzer braucht es auch nicht. Vielleicht eine Alternative?<\/p>\n<p>&nbsp;<\/p>\n","protected":false},"excerpt":{"rendered":"<p>murnau, 1. juni 2015 Liebe Menschen-Freunde, der sputnik&#8221; treibt sich wieder mal im S\u00fcden der Republik herum. Heute ist er \u00fcber den Markt von Murnau gestromert und wollte gerade das Bein an der Mariens\u00e4ule heben, da erstarrte ihm die Pose. Drei bis an die Z\u00e4hne bewaffnete Zweibeiner nahmen den kleinen Hund ins Fadenkreuz. Das waren [&hellip;]<\/p>\n","protected":false},"author":3,"featured_media":739,"comment_status":"closed","ping_status":"closed","sticky":false,"template":"","format":"standard","meta":{"footnotes":""},"categories":[24,1],"tags":[276,71,143],"class_list":["post-1626","post","type-post","status-publish","format-standard","has-post-thumbnail","hentry","category-schwerpunkt","category-uncategorized","tag-g7","tag-kastner-erich","tag-sputniks-welt","has-post-title","has-post-date","has-post-category","has-post-tag","has-post-comment","has-post-author",""],"_links":{"self":[{"href":"https:\/\/vettensjournal.de\/klassischer-journalismus\/wp-json\/wp\/v2\/posts\/1626","targetHints":{"allow":["GET"]}}],"collection":[{"href":"https:\/\/vettensjournal.de\/klassischer-journalismus\/wp-json\/wp\/v2\/posts"}],"about":[{"href":"https:\/\/vettensjournal.de\/klassischer-journalismus\/wp-json\/wp\/v2\/types\/post"}],"author":[{"embeddable":true,"href":"https:\/\/vettensjournal.de\/klassischer-journalismus\/wp-json\/wp\/v2\/users\/3"}],"replies":[{"embeddable":true,"href":"https:\/\/vettensjournal.de\/klassischer-journalismus\/wp-json\/wp\/v2\/comments?post=1626"}],"version-history":[{"count":2,"href":"https:\/\/vettensjournal.de\/klassischer-journalismus\/wp-json\/wp\/v2\/posts\/1626\/revisions"}],"predecessor-version":[{"id":1633,"href":"https:\/\/vettensjournal.de\/klassischer-journalismus\/wp-json\/wp\/v2\/posts\/1626\/revisions\/1633"}],"wp:featuredmedia":[{"embeddable":true,"href":"https:\/\/vettensjournal.de\/klassischer-journalismus\/wp-json\/wp\/v2\/media\/739"}],"wp:attachment":[{"href":"https:\/\/vettensjournal.de\/klassischer-journalismus\/wp-json\/wp\/v2\/media?parent=1626"}],"wp:term":[{"taxonomy":"category","embeddable":true,"href":"https:\/\/vettensjournal.de\/klassischer-journalismus\/wp-json\/wp\/v2\/categories?post=1626"},{"taxonomy":"post_tag","embeddable":true,"href":"https:\/\/vettensjournal.de\/klassischer-journalismus\/wp-json\/wp\/v2\/tags?post=1626"}],"curies":[{"name":"wp","href":"https:\/\/api.w.org\/{rel}","templated":true}]}}