{"id":1591,"date":"2015-05-27T20:44:21","date_gmt":"2015-05-27T20:44:21","guid":{"rendered":"http:\/\/vettensjournal.de\/klassischer-journalismus\/?p=1591"},"modified":"2015-05-27T20:47:15","modified_gmt":"2015-05-27T20:47:15","slug":"im-visier","status":"publish","type":"post","link":"https:\/\/vettensjournal.de\/klassischer-journalismus\/im-visier\/","title":{"rendered":"IM VISIER"},"content":{"rendered":"<p><em><strong>berlin\/z\u00fcrich\/janzweitweg, 27. mai 2015<\/strong><\/em><\/p>\n<p><strong><em>Es ist zum Kotzen.<\/em><\/strong><\/p>\n<p><strong><em>Es ist seit Jahren zum Kotzen.<\/em><\/strong><\/p>\n<p><strong><em>Heute ist es besonders schlimm:<\/em><\/strong><\/p>\n<p><strong><em>&#8220;Festnahmen und Hausdurchsuchungen bei der Fifa &#8211; WM 2018 und 2022 doch manipuliert?&#8221; Bild, Deutschland<\/em><\/strong><\/p>\n<p><strong><em>&#8220;Blatter muss abtreten&#8221;<\/em> Frankfurter Allgemeine Zeitung, Deutschland<\/strong><\/p>\n<p><strong><em>&#8220;Festnahmen, Sperren &#8211; der Skandal vor der Wahl: Fifa vor der Zerrei\u00dfprobe&#8221;<\/em> Krone, \u00d6sterreich<\/strong><\/p>\n<p><strong><em>&#8220;Fifa-Knall in Z\u00fcrich: Im Nobel-Hotel Baur au Lac ist die H\u00f6lle los!&#8221;<\/em> Blick, Schweiz<\/strong><\/p>\n<p><strong><em>&#8220;Fifa in der Klemme&#8221;<\/em> L&#8217;Equipe, Frankreich<\/strong><\/p>\n<p><em><strong>&#8220;Maradona: &#8220;Blatter, Du bist ein Dieb&#8221; <\/strong><\/em><strong>Corriere dello Sport, Italien<\/strong><\/p>\n<p><strong><em>&#8220;Blatter: der Teflon-Beschichtete&#8221;<\/em> Washington Post, USA<\/strong><\/p>\n<p><strong>\u00a0<\/strong><\/p>\n<figure id=\"attachment_1445\" aria-describedby=\"caption-attachment-1445\" style=\"width: 300px\" class=\"wp-caption aligncenter\"><img loading=\"lazy\" decoding=\"async\" class=\"wp-image-1445 size-medium\" src=\"http:\/\/vettensjournal.de\/klassischer-journalismus\/wp-content\/uploads\/2015\/05\/IMG_4855-3-300x225.jpg\" alt=\"IMG_4855-3\" width=\"300\" height=\"225\" srcset=\"https:\/\/vettensjournal.de\/klassischer-journalismus\/wp-content\/uploads\/2015\/05\/IMG_4855-3-300x225.jpg 300w, https:\/\/vettensjournal.de\/klassischer-journalismus\/wp-content\/uploads\/2015\/05\/IMG_4855-3-1024x768.jpg 1024w, https:\/\/vettensjournal.de\/klassischer-journalismus\/wp-content\/uploads\/2015\/05\/IMG_4855-3-600x450.jpg 600w, https:\/\/vettensjournal.de\/klassischer-journalismus\/wp-content\/uploads\/2015\/05\/IMG_4855-3.jpg 1280w\" sizes=\"auto, (max-width: 300px) 100vw, 300px\" \/><figcaption id=\"caption-attachment-1445\" class=\"wp-caption-text\">Die Spatzen haben das schon lange von den D\u00e4chern gepfiffen.<\/figcaption><\/figure>\n<figure id=\"attachment_1410\" aria-describedby=\"caption-attachment-1410\" style=\"width: 225px\" class=\"wp-caption aligncenter\"><img loading=\"lazy\" decoding=\"async\" class=\"wp-image-1410 size-medium\" src=\"http:\/\/vettensjournal.de\/klassischer-journalismus\/wp-content\/uploads\/2015\/05\/IMG_4652-225x300.jpg\" alt=\"IMG_4652\" width=\"225\" height=\"300\" srcset=\"https:\/\/vettensjournal.de\/klassischer-journalismus\/wp-content\/uploads\/2015\/05\/IMG_4652-225x300.jpg 225w, https:\/\/vettensjournal.de\/klassischer-journalismus\/wp-content\/uploads\/2015\/05\/IMG_4652-600x800.jpg 600w, https:\/\/vettensjournal.de\/klassischer-journalismus\/wp-content\/uploads\/2015\/05\/IMG_4652.jpg 735w\" sizes=\"auto, (max-width: 225px) 100vw, 225px\" \/><figcaption id=\"caption-attachment-1410\" class=\"wp-caption-text\">Das hat doch jeder geahnt, dass der Fifa bald was bl\u00fcht.<\/figcaption><\/figure>\n<figure id=\"attachment_1395\" aria-describedby=\"caption-attachment-1395\" style=\"width: 195px\" class=\"wp-caption aligncenter\"><img loading=\"lazy\" decoding=\"async\" class=\"wp-image-1395 size-medium\" src=\"http:\/\/vettensjournal.de\/klassischer-journalismus\/wp-content\/uploads\/2015\/05\/Barbara-Ellen-Volkmer-00220546-HighRes-195x300.jpg\" alt=\"Barbara-Ellen-Volkmer-00220546-HighRes\" width=\"195\" height=\"300\" srcset=\"https:\/\/vettensjournal.de\/klassischer-journalismus\/wp-content\/uploads\/2015\/05\/Barbara-Ellen-Volkmer-00220546-HighRes-195x300.jpg 195w, https:\/\/vettensjournal.de\/klassischer-journalismus\/wp-content\/uploads\/2015\/05\/Barbara-Ellen-Volkmer-00220546-HighRes-600x922.jpg 600w, https:\/\/vettensjournal.de\/klassischer-journalismus\/wp-content\/uploads\/2015\/05\/Barbara-Ellen-Volkmer-00220546-HighRes.jpg 638w\" sizes=\"auto, (max-width: 195px) 100vw, 195px\" \/><figcaption id=\"caption-attachment-1395\" class=\"wp-caption-text\">Kritiker gab es en masse, doch der Menschenfl\u00fcsterer Sepp Blatter hat seine Gefolgsleute beruhigt: Hunde, die bellen, bei\u00dfen nicht. Und au\u00dferdem ist jeder Hund bestechlich.<\/figcaption><\/figure>\n<figure id=\"attachment_1325\" aria-describedby=\"caption-attachment-1325\" style=\"width: 300px\" class=\"wp-caption aligncenter\"><img loading=\"lazy\" decoding=\"async\" class=\"wp-image-1325 size-medium\" src=\"http:\/\/vettensjournal.de\/klassischer-journalismus\/wp-content\/uploads\/2015\/04\/DSC_3252-300x197.jpg\" alt=\"DSC_3252\" width=\"300\" height=\"197\" srcset=\"https:\/\/vettensjournal.de\/klassischer-journalismus\/wp-content\/uploads\/2015\/04\/DSC_3252-300x197.jpg 300w, https:\/\/vettensjournal.de\/klassischer-journalismus\/wp-content\/uploads\/2015\/04\/DSC_3252-600x393.jpg 600w, https:\/\/vettensjournal.de\/klassischer-journalismus\/wp-content\/uploads\/2015\/04\/DSC_3252.jpg 980w\" sizes=\"auto, (max-width: 300px) 100vw, 300px\" \/><figcaption id=\"caption-attachment-1325\" class=\"wp-caption-text\">Au\u00dferdem hat der Sepp immer ziemlich beste Freunde und ziemlich gute Aufpasser gehabt.<\/figcaption><\/figure>\n<figure id=\"attachment_1158\" aria-describedby=\"caption-attachment-1158\" style=\"width: 300px\" class=\"wp-caption aligncenter\"><img loading=\"lazy\" decoding=\"async\" class=\"wp-image-1158 size-medium\" src=\"http:\/\/vettensjournal.de\/klassischer-journalismus\/wp-content\/uploads\/2015\/04\/DSC_0394-300x204.jpg\" alt=\"DSC_0394\" width=\"300\" height=\"204\" srcset=\"https:\/\/vettensjournal.de\/klassischer-journalismus\/wp-content\/uploads\/2015\/04\/DSC_0394-300x204.jpg 300w, https:\/\/vettensjournal.de\/klassischer-journalismus\/wp-content\/uploads\/2015\/04\/DSC_0394-600x408.jpg 600w, https:\/\/vettensjournal.de\/klassischer-journalismus\/wp-content\/uploads\/2015\/04\/DSC_0394.jpg 980w\" sizes=\"auto, (max-width: 300px) 100vw, 300px\" \/><figcaption id=\"caption-attachment-1158\" class=\"wp-caption-text\">Es wird nichts so hei\u00df gegessen, wie es mancher gerne kochen w\u00fcrde, sagt der Sepp.<\/figcaption><\/figure>\n<figure id=\"attachment_1131\" aria-describedby=\"caption-attachment-1131\" style=\"width: 300px\" class=\"wp-caption aligncenter\"><img loading=\"lazy\" decoding=\"async\" class=\"wp-image-1131 size-medium\" src=\"http:\/\/vettensjournal.de\/klassischer-journalismus\/wp-content\/uploads\/2015\/04\/IMG_3614-300x227.jpg\" alt=\"IMG_3614\" width=\"300\" height=\"227\" srcset=\"https:\/\/vettensjournal.de\/klassischer-journalismus\/wp-content\/uploads\/2015\/04\/IMG_3614-300x227.jpg 300w, https:\/\/vettensjournal.de\/klassischer-journalismus\/wp-content\/uploads\/2015\/04\/IMG_3614-600x454.jpg 600w, https:\/\/vettensjournal.de\/klassischer-journalismus\/wp-content\/uploads\/2015\/04\/IMG_3614.jpg 980w\" sizes=\"auto, (max-width: 300px) 100vw, 300px\" \/><figcaption id=\"caption-attachment-1131\" class=\"wp-caption-text\">Die Anderen verstehen doch sowieso nur Bahnhof.<\/figcaption><\/figure>\n<figure id=\"attachment_1073\" aria-describedby=\"caption-attachment-1073\" style=\"width: 300px\" class=\"wp-caption aligncenter\"><img loading=\"lazy\" decoding=\"async\" class=\"wp-image-1073 size-medium\" src=\"http:\/\/vettensjournal.de\/klassischer-journalismus\/wp-content\/uploads\/2015\/03\/DSC_2704-300x131.jpg\" alt=\"DSC_2704\" width=\"300\" height=\"131\" srcset=\"https:\/\/vettensjournal.de\/klassischer-journalismus\/wp-content\/uploads\/2015\/03\/DSC_2704-300x131.jpg 300w, https:\/\/vettensjournal.de\/klassischer-journalismus\/wp-content\/uploads\/2015\/03\/DSC_2704-600x262.jpg 600w, https:\/\/vettensjournal.de\/klassischer-journalismus\/wp-content\/uploads\/2015\/03\/DSC_2704.jpg 980w\" sizes=\"auto, (max-width: 300px) 100vw, 300px\" \/><figcaption id=\"caption-attachment-1073\" class=\"wp-caption-text\">Auf die Auswechselbank schickt er die Anderen.<\/figcaption><\/figure>\n<figure id=\"attachment_1039\" aria-describedby=\"caption-attachment-1039\" style=\"width: 300px\" class=\"wp-caption aligncenter\"><img loading=\"lazy\" decoding=\"async\" class=\"wp-image-1039 size-medium\" src=\"http:\/\/vettensjournal.de\/klassischer-journalismus\/wp-content\/uploads\/2015\/03\/IMG_3351-300x225.jpg\" alt=\"IMG_3351\" width=\"300\" height=\"225\" srcset=\"https:\/\/vettensjournal.de\/klassischer-journalismus\/wp-content\/uploads\/2015\/03\/IMG_3351-300x225.jpg 300w, https:\/\/vettensjournal.de\/klassischer-journalismus\/wp-content\/uploads\/2015\/03\/IMG_3351-600x450.jpg 600w, https:\/\/vettensjournal.de\/klassischer-journalismus\/wp-content\/uploads\/2015\/03\/IMG_3351.jpg 980w\" sizes=\"auto, (max-width: 300px) 100vw, 300px\" \/><figcaption id=\"caption-attachment-1039\" class=\"wp-caption-text\">Und l\u00e4sst weiter Gras \u00fcber den ganzen Dreck wachsen.<\/figcaption><\/figure>\n<figure id=\"attachment_1271\" aria-describedby=\"caption-attachment-1271\" style=\"width: 300px\" class=\"wp-caption aligncenter\"><img loading=\"lazy\" decoding=\"async\" class=\"wp-image-1271 size-medium\" src=\"http:\/\/vettensjournal.de\/klassischer-journalismus\/wp-content\/uploads\/2015\/04\/IMG_4034-300x214.jpg\" alt=\"IMG_4034\" width=\"300\" height=\"214\" srcset=\"https:\/\/vettensjournal.de\/klassischer-journalismus\/wp-content\/uploads\/2015\/04\/IMG_4034-300x214.jpg 300w, https:\/\/vettensjournal.de\/klassischer-journalismus\/wp-content\/uploads\/2015\/04\/IMG_4034-600x428.jpg 600w, https:\/\/vettensjournal.de\/klassischer-journalismus\/wp-content\/uploads\/2015\/04\/IMG_4034.jpg 980w\" sizes=\"auto, (max-width: 300px) 100vw, 300px\" \/><figcaption id=\"caption-attachment-1271\" class=\"wp-caption-text\">Aber Achtung, Sepp! Langsam reicht es. Sie sind im Fadenkreuz. Es wird Zeit zum Handeln. FOTOS: BARBARA VOLKMER<\/figcaption><\/figure>\n","protected":false},"excerpt":{"rendered":"<p>berlin\/z\u00fcrich\/janzweitweg, 27. mai 2015 Es ist zum Kotzen. Es ist seit Jahren zum Kotzen. Heute ist es besonders schlimm: &#8220;Festnahmen und Hausdurchsuchungen bei der Fifa &#8211; WM 2018 und 2022 doch manipuliert?&#8221; Bild, Deutschland &#8220;Blatter muss abtreten&#8221; Frankfurter Allgemeine Zeitung, Deutschland &#8220;Festnahmen, Sperren &#8211; der Skandal vor der Wahl: Fifa vor der Zerrei\u00dfprobe&#8221; Krone, \u00d6sterreich [&hellip;]<\/p>\n","protected":false},"author":3,"featured_media":1271,"comment_status":"closed","ping_status":"closed","sticky":false,"template":"","format":"standard","meta":{"footnotes":""},"categories":[23,1],"tags":[481,476,479,477,478,480],"class_list":["post-1591","post","type-post","status-publish","format-standard","has-post-thumbnail","hentry","category-story","category-uncategorized","tag-baur-au-lac","tag-blatter-sepp","tag-festnahmen","tag-fifa","tag-skandal","tag-zurich","has-post-title","has-post-date","has-post-category","has-post-tag","has-post-comment","has-post-author",""],"_links":{"self":[{"href":"https:\/\/vettensjournal.de\/klassischer-journalismus\/wp-json\/wp\/v2\/posts\/1591","targetHints":{"allow":["GET"]}}],"collection":[{"href":"https:\/\/vettensjournal.de\/klassischer-journalismus\/wp-json\/wp\/v2\/posts"}],"about":[{"href":"https:\/\/vettensjournal.de\/klassischer-journalismus\/wp-json\/wp\/v2\/types\/post"}],"author":[{"embeddable":true,"href":"https:\/\/vettensjournal.de\/klassischer-journalismus\/wp-json\/wp\/v2\/users\/3"}],"replies":[{"embeddable":true,"href":"https:\/\/vettensjournal.de\/klassischer-journalismus\/wp-json\/wp\/v2\/comments?post=1591"}],"version-history":[{"count":1,"href":"https:\/\/vettensjournal.de\/klassischer-journalismus\/wp-json\/wp\/v2\/posts\/1591\/revisions"}],"predecessor-version":[{"id":1596,"href":"https:\/\/vettensjournal.de\/klassischer-journalismus\/wp-json\/wp\/v2\/posts\/1591\/revisions\/1596"}],"wp:featuredmedia":[{"embeddable":true,"href":"https:\/\/vettensjournal.de\/klassischer-journalismus\/wp-json\/wp\/v2\/media\/1271"}],"wp:attachment":[{"href":"https:\/\/vettensjournal.de\/klassischer-journalismus\/wp-json\/wp\/v2\/media?parent=1591"}],"wp:term":[{"taxonomy":"category","embeddable":true,"href":"https:\/\/vettensjournal.de\/klassischer-journalismus\/wp-json\/wp\/v2\/categories?post=1591"},{"taxonomy":"post_tag","embeddable":true,"href":"https:\/\/vettensjournal.de\/klassischer-journalismus\/wp-json\/wp\/v2\/tags?post=1591"}],"curies":[{"name":"wp","href":"https:\/\/api.w.org\/{rel}","templated":true}]}}