{"id":1163,"date":"2015-04-10T09:27:11","date_gmt":"2015-04-10T09:27:11","guid":{"rendered":"http:\/\/vettensjournal.de\/klassischer-journalismus\/?p=1163"},"modified":"2015-04-11T20:39:27","modified_gmt":"2015-04-11T20:39:27","slug":"um-die-wurst","status":"publish","type":"post","link":"https:\/\/vettensjournal.de\/klassischer-journalismus\/um-die-wurst\/","title":{"rendered":"UM DIE WURST"},"content":{"rendered":"<p><em><strong>berlin, 10. april 2015<\/strong><\/em><\/p>\n<p><strong>Achtung! Skandal! Auf die Hauptstadt rollt wieder mal eine Welle der Erregung zu. Diesmal geht es um die Curry-Wurst. Und es geht um den Checkpoint Charlie. Und es geht um die Berliner Luft. Irgendwie und sowieso.<\/strong><\/p>\n<p>Die &#8220;Bild&#8221; deckt es heute auf. &#8220;Berlins ber\u00fchmtester Grenz\u00fcbergang verkommt zur W\u00fcrstchenbude. Jetzt gibt&#8217;s den n\u00e4chsten Plan: CHECKPOINT CURRY!&#8221;<\/p>\n<figure id=\"attachment_1161\" aria-describedby=\"caption-attachment-1161\" style=\"width: 300px\" class=\"wp-caption aligncenter\"><img loading=\"lazy\" decoding=\"async\" class=\"wp-image-1161 size-medium\" src=\"http:\/\/vettensjournal.de\/klassischer-journalismus\/wp-content\/uploads\/2015\/04\/DSC_2089-300x199.jpg\" alt=\"DSC_2089\" width=\"300\" height=\"199\" srcset=\"https:\/\/vettensjournal.de\/klassischer-journalismus\/wp-content\/uploads\/2015\/04\/DSC_2089-300x199.jpg 300w, https:\/\/vettensjournal.de\/klassischer-journalismus\/wp-content\/uploads\/2015\/04\/DSC_2089-600x399.jpg 600w, https:\/\/vettensjournal.de\/klassischer-journalismus\/wp-content\/uploads\/2015\/04\/DSC_2089.jpg 980w\" sizes=\"auto, (max-width: 300px) 100vw, 300px\" \/><figcaption id=\"caption-attachment-1161\" class=\"wp-caption-text\">Hey man! Stop right here! It&#8217;s Wurst-time.<\/figcaption><\/figure>\n<p>&nbsp;<\/p>\n<p>Da kriegste echt die Motten. Irgendwem ist eingefallen, dass man &#8220;aufr\u00e4umen&#8221; m\u00fcsse in Berlin Mitte. An der Friedrichstra\u00dfe soll das passieren. Die Imibissbuden kommen weg, die Touristen werden domestiziert.<\/p>\n<p>Endlich Ordnung an diesem Flecken Berlin &#8211; wo es zur Zeit nach Frittenfett und Th\u00fcringer W\u00fcrstchen riecht, wo Touris orientungslos an einem Grenzposten vorbei irren, wo keiner die Schautafeln geb\u00fchrend w\u00fcrdigt.<\/p>\n<p>Schluss mit der babylonischen Verwirrung und der gastronomischen Verirrung!<\/p>\n<figure id=\"attachment_1157\" aria-describedby=\"caption-attachment-1157\" style=\"width: 196px\" class=\"wp-caption aligncenter\"><img loading=\"lazy\" decoding=\"async\" class=\"wp-image-1157 size-medium\" src=\"http:\/\/vettensjournal.de\/klassischer-journalismus\/wp-content\/uploads\/2015\/04\/DSC_0826-196x300.jpg\" alt=\"DSC_0826\" width=\"196\" height=\"300\" srcset=\"https:\/\/vettensjournal.de\/klassischer-journalismus\/wp-content\/uploads\/2015\/04\/DSC_0826-196x300.jpg 196w, https:\/\/vettensjournal.de\/klassischer-journalismus\/wp-content\/uploads\/2015\/04\/DSC_0826-600x920.jpg 600w, https:\/\/vettensjournal.de\/klassischer-journalismus\/wp-content\/uploads\/2015\/04\/DSC_0826.jpg 639w\" sizes=\"auto, (max-width: 196px) 100vw, 196px\" \/><figcaption id=\"caption-attachment-1157\" class=\"wp-caption-text\">Nie in Berlin ohne einen knackigen Stopover an der Bude: Schauspielerin Gisela Uhlen.<\/figcaption><\/figure>\n<p>&nbsp;<\/p>\n<p>Die &#8220;Bild&#8221; wei\u00df, wie es wird:<\/p>\n<p>&#8220;Ein Info-Container wird eine Art Werbe- und Eingangsberich f\u00fcr das ,Panorama&#8217; sein.<\/p>\n<p>Der zweite Container entsteht in Zusammenarbeit mit dem Currywurst-Museum. Dort sollen mehrere Varianten der Wurst pr\u00e4sentiert werden.\u00a0 Der Sprecher des Mauer-Panoramas, Karsten Grebe: ,Wir bieten dezente Gastronomie an. Au\u00dferdem geh\u00f6rt die Currywurst zu Berlin wie die Berliner Mauer.&#8217;<\/p>\n<p>Seit 25 Jahren wartet Berlin auf eine Neugestaltung dieses historischen Orts. Doch ein Provisorium ersetzt das andere.&#8221;<\/p>\n<p>Damit, so seufzt die &#8220;Bild&#8221; erleichtert, ist ja jetzt wohl finito.<\/p>\n<figure id=\"attachment_1156\" aria-describedby=\"caption-attachment-1156\" style=\"width: 196px\" class=\"wp-caption aligncenter\"><img loading=\"lazy\" decoding=\"async\" class=\"wp-image-1156 size-medium\" src=\"http:\/\/vettensjournal.de\/klassischer-journalismus\/wp-content\/uploads\/2015\/04\/DSC_4744-196x300.jpg\" alt=\"DSC_4744\" width=\"196\" height=\"300\" srcset=\"https:\/\/vettensjournal.de\/klassischer-journalismus\/wp-content\/uploads\/2015\/04\/DSC_4744-196x300.jpg 196w, https:\/\/vettensjournal.de\/klassischer-journalismus\/wp-content\/uploads\/2015\/04\/DSC_4744-600x920.jpg 600w, https:\/\/vettensjournal.de\/klassischer-journalismus\/wp-content\/uploads\/2015\/04\/DSC_4744.jpg 639w\" sizes=\"auto, (max-width: 196px) 100vw, 196px\" \/><figcaption id=\"caption-attachment-1156\" class=\"wp-caption-text\">Zu Mittag. After Work. Morgens um sechs. Einfach so, weil man Bock hat. Currywurst geht immer.<\/figcaption><\/figure>\n<p>&nbsp;<\/p>\n<p>&nbsp;<\/p>\n<p>Die Wurst wird den Zoff, der sich da in der Hauptstadt anbahnt, aushalten, ohne dass ihr die Pelle &#8211; wenn denn gew\u00fcnscht &#8211; platzt. Denn die Currywurst ist ja ein bisschen das Symbol f\u00fcr weltoffene Gelassenheit. Der Schriftsteller Uwe Timm &#8211; ein Evergreen, der gerade 75 geworden ist &#8211; hat sich dem Ph\u00e4nomen mit der wunderbaren Erz\u00e4hlung &#8220;Die Entdeckung der Currywurst&#8221; gewidmet. Sp\u00e4ter wunderte er sich selbst ein wenig \u00fcber den Erfolg.<\/p>\n<p>Er hat mal gesagt, dass ihn beim Schreiben einfach ein cooles Gef\u00fchl hingerafft habe:<\/p>\n<p>&#8220;Es ist keine konkrete Person, die ich nachgeschrieben habe. Aber diese Frau, die den Imbissstand hatte, das ist meine Erinnerung, bei ihr habe ich als Kind 1947 eine Currywurst gegessen. Ich war oft bei dieser Tante und habe da in der K\u00fcche gesessen. Das ist in der Novelle beschrieben. Das ist eine sehr spannende K\u00fcche gewesen, weil da die Nutten sa\u00dfen, die Schieber, buntes Volk. Au\u00dfer der Tante gab es einen Onkel, der sehr viel Zeit f\u00fcr Kinder hatte. Mit dem muss ich an diesem Stand gewesen sein. Lena Br\u00fccker ist eine dieser wunderbaren Frauen, von denen es viele gab. Die haben den Gro\u00dfteil des Wiederaufbaus gestemmt, die waren sehr pr\u00e4sent damals.&#8221;<\/p>\n<figure id=\"attachment_1160\" aria-describedby=\"caption-attachment-1160\" style=\"width: 300px\" class=\"wp-caption aligncenter\"><img loading=\"lazy\" decoding=\"async\" class=\"wp-image-1160 size-medium\" src=\"http:\/\/vettensjournal.de\/klassischer-journalismus\/wp-content\/uploads\/2015\/04\/DSC_0057-300x208.jpg\" alt=\"DSC_0057\" width=\"300\" height=\"208\" srcset=\"https:\/\/vettensjournal.de\/klassischer-journalismus\/wp-content\/uploads\/2015\/04\/DSC_0057-300x208.jpg 300w, https:\/\/vettensjournal.de\/klassischer-journalismus\/wp-content\/uploads\/2015\/04\/DSC_0057-600x416.jpg 600w, https:\/\/vettensjournal.de\/klassischer-journalismus\/wp-content\/uploads\/2015\/04\/DSC_0057.jpg 980w\" sizes=\"auto, (max-width: 300px) 100vw, 300px\" \/><figcaption id=\"caption-attachment-1160\" class=\"wp-caption-text\">Scharf auf Schampus? Kein Problem, Madame Frederic. Am Ku&#8217;damm kriegn&#8217;Se dit ooch.<\/figcaption><\/figure>\n<p>&nbsp;<\/p>\n<p>Seit Timms Buch streiten die Fans, wer denn die Wurst erfunden habe. Sie streiten, wie scharf die So\u00dfe sein darf. Sie streiten, ob man die Wurst mit Schampus oder mit Flaschenbier konsumiert. Sie streiten, ob es an der Hermannstra\u00dfe oder an der Sch\u00f6nhauser Allee die Besten gibt. Und sie werden streiten, was denn die Wurst mit dem Checkpoint Charlie zu tun hat.<\/p>\n<figure id=\"attachment_1159\" aria-describedby=\"caption-attachment-1159\" style=\"width: 196px\" class=\"wp-caption aligncenter\"><img loading=\"lazy\" decoding=\"async\" class=\"wp-image-1159 size-medium\" src=\"http:\/\/vettensjournal.de\/klassischer-journalismus\/wp-content\/uploads\/2015\/04\/DSC_4735-196x300.jpg\" alt=\"DSC_4735\" width=\"196\" height=\"300\" srcset=\"https:\/\/vettensjournal.de\/klassischer-journalismus\/wp-content\/uploads\/2015\/04\/DSC_4735-196x300.jpg 196w, https:\/\/vettensjournal.de\/klassischer-journalismus\/wp-content\/uploads\/2015\/04\/DSC_4735-600x920.jpg 600w, https:\/\/vettensjournal.de\/klassischer-journalismus\/wp-content\/uploads\/2015\/04\/DSC_4735.jpg 639w\" sizes=\"auto, (max-width: 196px) 100vw, 196px\" \/><figcaption id=\"caption-attachment-1159\" class=\"wp-caption-text\">Klassischer geht es nicht. Curry in Kreuzberg.<\/figcaption><\/figure>\n<p>&nbsp;<\/p>\n<p>Na und? Wie sagt Uwe Timm:<\/p>\n<p>&#8220;Die Currywurst geht ihren Weg, hat sich l\u00e4ngst von ihrem Urheber abgekoppelt. Der Streit zwischen Hamburg und Berlin dar\u00fcber, wo die Currywurst erfunden wurde, reflektiert genau dies. Die Berliner regen sich immer noch wahnsinnig auf. Die haben jetzt einen Gedenkstein gesetzt, allerdings nur f\u00fcr eine bestimmte So\u00dfe.&#8221;<\/p>\n<figure id=\"attachment_1158\" aria-describedby=\"caption-attachment-1158\" style=\"width: 300px\" class=\"wp-caption aligncenter\"><img loading=\"lazy\" decoding=\"async\" class=\"wp-image-1158 size-medium\" src=\"http:\/\/vettensjournal.de\/klassischer-journalismus\/wp-content\/uploads\/2015\/04\/DSC_0394-300x204.jpg\" alt=\"DSC_0394\" width=\"300\" height=\"204\" srcset=\"https:\/\/vettensjournal.de\/klassischer-journalismus\/wp-content\/uploads\/2015\/04\/DSC_0394-300x204.jpg 300w, https:\/\/vettensjournal.de\/klassischer-journalismus\/wp-content\/uploads\/2015\/04\/DSC_0394-600x408.jpg 600w, https:\/\/vettensjournal.de\/klassischer-journalismus\/wp-content\/uploads\/2015\/04\/DSC_0394.jpg 980w\" sizes=\"auto, (max-width: 300px) 100vw, 300px\" \/><figcaption id=\"caption-attachment-1158\" class=\"wp-caption-text\">Curry am Checkpoint? Ist doch Quatsch mit So\u00dfe. FOTOS: BARBARA VOLKMER<\/figcaption><\/figure>\n<p style=\"text-align: right\">\u00a0<strong>Morgen: Hamburg kontert<\/strong><\/p>\n","protected":false},"excerpt":{"rendered":"<p>berlin, 10. april 2015 Achtung! Skandal! Auf die Hauptstadt rollt wieder mal eine Welle der Erregung zu. Diesmal geht es um die Curry-Wurst. Und es geht um den Checkpoint Charlie. Und es geht um die Berliner Luft. Irgendwie und sowieso. Die &#8220;Bild&#8221; deckt es heute auf. &#8220;Berlins ber\u00fchmtester Grenz\u00fcbergang verkommt zur W\u00fcrstchenbude. Jetzt gibt&#8217;s den [&hellip;]<\/p>\n","protected":false},"author":3,"featured_media":1159,"comment_status":"closed","ping_status":"closed","sticky":false,"template":"","format":"standard","meta":{"footnotes":""},"categories":[20],"tags":[182,335,337,7,336],"class_list":["post-1163","post","type-post","status-publish","format-standard","has-post-thumbnail","hentry","category-reportage","tag-berlin","tag-ceckpoint-charlie","tag-currywurst","tag-friedrichstrase","tag-timm-uwe","has-post-title","has-post-date","has-post-category","has-post-tag","has-post-comment","has-post-author",""],"_links":{"self":[{"href":"https:\/\/vettensjournal.de\/klassischer-journalismus\/wp-json\/wp\/v2\/posts\/1163","targetHints":{"allow":["GET"]}}],"collection":[{"href":"https:\/\/vettensjournal.de\/klassischer-journalismus\/wp-json\/wp\/v2\/posts"}],"about":[{"href":"https:\/\/vettensjournal.de\/klassischer-journalismus\/wp-json\/wp\/v2\/types\/post"}],"author":[{"embeddable":true,"href":"https:\/\/vettensjournal.de\/klassischer-journalismus\/wp-json\/wp\/v2\/users\/3"}],"replies":[{"embeddable":true,"href":"https:\/\/vettensjournal.de\/klassischer-journalismus\/wp-json\/wp\/v2\/comments?post=1163"}],"version-history":[{"count":1,"href":"https:\/\/vettensjournal.de\/klassischer-journalismus\/wp-json\/wp\/v2\/posts\/1163\/revisions"}],"predecessor-version":[{"id":1183,"href":"https:\/\/vettensjournal.de\/klassischer-journalismus\/wp-json\/wp\/v2\/posts\/1163\/revisions\/1183"}],"wp:featuredmedia":[{"embeddable":true,"href":"https:\/\/vettensjournal.de\/klassischer-journalismus\/wp-json\/wp\/v2\/media\/1159"}],"wp:attachment":[{"href":"https:\/\/vettensjournal.de\/klassischer-journalismus\/wp-json\/wp\/v2\/media?parent=1163"}],"wp:term":[{"taxonomy":"category","embeddable":true,"href":"https:\/\/vettensjournal.de\/klassischer-journalismus\/wp-json\/wp\/v2\/categories?post=1163"},{"taxonomy":"post_tag","embeddable":true,"href":"https:\/\/vettensjournal.de\/klassischer-journalismus\/wp-json\/wp\/v2\/tags?post=1163"}],"curies":[{"name":"wp","href":"https:\/\/api.w.org\/{rel}","templated":true}]}}