{"id":1138,"date":"2015-04-09T10:53:26","date_gmt":"2015-04-09T10:53:26","guid":{"rendered":"http:\/\/vettensjournal.de\/klassischer-journalismus\/?p=1138"},"modified":"2015-04-10T18:42:01","modified_gmt":"2015-04-10T18:42:01","slug":"fruhlings-erwachen-2","status":"publish","type":"post","link":"https:\/\/vettensjournal.de\/klassischer-journalismus\/fruhlings-erwachen-2\/","title":{"rendered":"ENDLICH!"},"content":{"rendered":"<p><em><strong>berlin, 9. april 2015<\/strong><\/em><\/p>\n<p><strong>Es ist zw\u00f6lf Uhr mittags in Berlin. Der graue Himmel \u00fcber der Stadt zerflust. Vorhang auf f\u00fcr ein reines Blau, auch erste Sonnenenstrahlen stehlen sich durch den Wolkenvlies. An der Hauptstra\u00dfe haben Arbeiter ein Ger\u00fcst hoch gezogen. Gestern trugen sie noch Anoraks, heute arbeiten sie in T-Shirts. Hinter dem Gericht am Kleistpark stehen die Menschen bei den &#8220;Eism\u00e4nnern&#8221; Schlange &#8211; und wer genau hinsieht, macht in Sch\u00f6neberg die ersten Mandelbl\u00fcten aus. Es wird Fr\u00fchling.<\/strong><\/p>\n<p><strong>Der Lenz r\u00fcckt mit Naturgewalt an. 20 Grad verhei\u00dfen die Wetterforscher, einen blitzblank geputzten Himmel, pralles Leben in Bierg\u00e4rten und Stra\u00dfencaf\u00e9s &#8211; und ein Aufwallen der Gef\u00fchle.<\/strong><\/p>\n<p><strong>Deshalb jetzt ein Vorgeschmack im &#8220;Journal&#8221;:<\/strong><\/p>\n<p><strong>Her mit dem Fr\u00fchling! Her mit der Sonne! Her mit dem Leben!<\/strong><\/p>\n<figure id=\"attachment_1142\" aria-describedby=\"caption-attachment-1142\" style=\"width: 208px\" class=\"wp-caption aligncenter\"><img loading=\"lazy\" decoding=\"async\" class=\"wp-image-1142 size-medium\" src=\"http:\/\/vettensjournal.de\/klassischer-journalismus\/wp-content\/uploads\/2015\/04\/DSC_0217-208x300.jpg\" alt=\"DSC_0217\" width=\"208\" height=\"300\" srcset=\"https:\/\/vettensjournal.de\/klassischer-journalismus\/wp-content\/uploads\/2015\/04\/DSC_0217-208x300.jpg 208w, https:\/\/vettensjournal.de\/klassischer-journalismus\/wp-content\/uploads\/2015\/04\/DSC_0217-600x866.jpg 600w, https:\/\/vettensjournal.de\/klassischer-journalismus\/wp-content\/uploads\/2015\/04\/DSC_0217.jpg 679w\" sizes=\"auto, (max-width: 208px) 100vw, 208px\" \/><figcaption id=\"caption-attachment-1142\" class=\"wp-caption-text\">&#8220;Auf! Kinder, zum Tanze, \/ Der Fr\u00fchling bricht an; \/ Es bl\u00fchen zum Kranze \/ Die Veilchen heran. \/ Die V\u00f6gel sind munter \/ Und singen ein Lied; \/ Das Fr\u00f6schlein quakt drunter \/ Und freuet sich mit. \/ Wi\u00dft, Kinder, da\u00df Veilchen Nicht lange mehr bl\u00fch&#8217;n; \/ Sie duften ein Weilchen, \/ Dann welken sie hin.&#8221; VOLKSLIED<\/figcaption><\/figure>\n<p>&nbsp;<\/p>\n<figure id=\"attachment_1141\" aria-describedby=\"caption-attachment-1141\" style=\"width: 300px\" class=\"wp-caption aligncenter\"><img loading=\"lazy\" decoding=\"async\" class=\"wp-image-1141 size-medium\" src=\"http:\/\/vettensjournal.de\/klassischer-journalismus\/wp-content\/uploads\/2015\/04\/DSC_0243-2-300x196.jpg\" alt=\"DSC_0243-2\" width=\"300\" height=\"196\" srcset=\"https:\/\/vettensjournal.de\/klassischer-journalismus\/wp-content\/uploads\/2015\/04\/DSC_0243-2-300x196.jpg 300w, https:\/\/vettensjournal.de\/klassischer-journalismus\/wp-content\/uploads\/2015\/04\/DSC_0243-2-600x391.jpg 600w, https:\/\/vettensjournal.de\/klassischer-journalismus\/wp-content\/uploads\/2015\/04\/DSC_0243-2.jpg 980w\" sizes=\"auto, (max-width: 300px) 100vw, 300px\" \/><figcaption id=\"caption-attachment-1141\" class=\"wp-caption-text\">&#8220;Das Lenzsymptom zeigt sich zuerst beim Hunde, \/ dann im Kalender und dann in der Luft, \/ und endlich h\u00fcllt auch Fr\u00e4ulein Adelgunde \/ sich in die frischgewaschene Fr\u00fchlingskluft. Ach ja, der Mensch! Was will er nur vom Lenze? \/ Ist er denn nicht das ganze Jahr in Brunst? \/ Doch seine Triebe kennen keine Grenze \u2013 \/ dies Uhrwerk hat der liebe Gott verhunzt.&#8221; KURT TUCHOLSKY<\/figcaption><\/figure>\n<p>&nbsp;<\/p>\n<figure id=\"attachment_1144\" aria-describedby=\"caption-attachment-1144\" style=\"width: 196px\" class=\"wp-caption aligncenter\"><img loading=\"lazy\" decoding=\"async\" class=\"wp-image-1144 size-medium\" src=\"http:\/\/vettensjournal.de\/klassischer-journalismus\/wp-content\/uploads\/2015\/04\/DSC_0228-196x300.jpg\" alt=\"DSC_0228\" width=\"196\" height=\"300\" srcset=\"https:\/\/vettensjournal.de\/klassischer-journalismus\/wp-content\/uploads\/2015\/04\/DSC_0228-196x300.jpg 196w, https:\/\/vettensjournal.de\/klassischer-journalismus\/wp-content\/uploads\/2015\/04\/DSC_0228-600x920.jpg 600w, https:\/\/vettensjournal.de\/klassischer-journalismus\/wp-content\/uploads\/2015\/04\/DSC_0228.jpg 650w\" sizes=\"auto, (max-width: 196px) 100vw, 196px\" \/><figcaption id=\"caption-attachment-1144\" class=\"wp-caption-text\">&#8220;Er bringt Jasmin und R\u00f6selein, \/ Und Veilchen und duftige Kr\u00e4utchen, \/ Und Sellerie f\u00fcr den Br\u00e4utigam, \/ Und Spargel f\u00fcr das Br\u00e4utchen.&#8221; HEINRICH HEINE<\/figcaption><\/figure>\n<p>&nbsp;<\/p>\n<figure id=\"attachment_1146\" aria-describedby=\"caption-attachment-1146\" style=\"width: 235px\" class=\"wp-caption aligncenter\"><img loading=\"lazy\" decoding=\"async\" class=\"wp-image-1146 size-full\" src=\"http:\/\/vettensjournal.de\/klassischer-journalismus\/wp-content\/uploads\/2015\/04\/DSC_0230.jpg\" alt=\"DSC_0230\" width=\"235\" height=\"153\" \/><figcaption id=\"caption-attachment-1146\" class=\"wp-caption-text\">&#8220;Rosa W\u00f6lkchen \u00fcberm Wald \/ wissen noch vom Abendrot dahinter &#8211; \/ \u00fcberwunden ist der Winter, \/ Fr\u00fchling kommt nun bald. Unterm Monde silberwei\u00df, \/ zwischen Wipfeln schwarz und kraus \/ fl\u00fcgelt eine Fledermaus \/ ihren ersten Kreis&#8230; Rosa W\u00f6lkchen \u00fcberm Wald \/ wissen noch vom Abendrot dahinter \/ \u00fcberwunden ist der Winter, \/ Fr\u00fchling kommt nun bald.&#8221; CHRISTIAN MORGENSTERN<\/figcaption><\/figure>\n<p>&nbsp;<\/p>\n<figure id=\"attachment_1143\" aria-describedby=\"caption-attachment-1143\" style=\"width: 300px\" class=\"wp-caption aligncenter\"><img loading=\"lazy\" decoding=\"async\" class=\"wp-image-1143 size-medium\" src=\"http:\/\/vettensjournal.de\/klassischer-journalismus\/wp-content\/uploads\/2015\/04\/DSC_0226-300x203.jpg\" alt=\"DSC_0226\" width=\"300\" height=\"203\" srcset=\"https:\/\/vettensjournal.de\/klassischer-journalismus\/wp-content\/uploads\/2015\/04\/DSC_0226-300x203.jpg 300w, https:\/\/vettensjournal.de\/klassischer-journalismus\/wp-content\/uploads\/2015\/04\/DSC_0226-600x407.jpg 600w, https:\/\/vettensjournal.de\/klassischer-journalismus\/wp-content\/uploads\/2015\/04\/DSC_0226.jpg 980w\" sizes=\"auto, (max-width: 300px) 100vw, 300px\" \/><figcaption id=\"caption-attachment-1143\" class=\"wp-caption-text\">&#8220;Wenn die Drossel schreit, ist der Lenz nicht mehr weit. &#8221; &#8211; &#8220;Im Fr\u00fchjahr Spinnweben auf dem Feld gibt einen schw\u00fclen Sommer.&#8221; DER DEUTSCHE BAUER I<\/figcaption><\/figure>\n<p>&nbsp;<\/p>\n<figure id=\"attachment_1153\" aria-describedby=\"caption-attachment-1153\" style=\"width: 300px\" class=\"wp-caption aligncenter\"><img loading=\"lazy\" decoding=\"async\" class=\"wp-image-1153 size-medium\" src=\"http:\/\/vettensjournal.de\/klassischer-journalismus\/wp-content\/uploads\/2015\/04\/DSC_021-300x196.jpg\" alt=\"DSC_021\" width=\"300\" height=\"196\" srcset=\"https:\/\/vettensjournal.de\/klassischer-journalismus\/wp-content\/uploads\/2015\/04\/DSC_021-300x196.jpg 300w, https:\/\/vettensjournal.de\/klassischer-journalismus\/wp-content\/uploads\/2015\/04\/DSC_021-600x391.jpg 600w, https:\/\/vettensjournal.de\/klassischer-journalismus\/wp-content\/uploads\/2015\/04\/DSC_021.jpg 980w\" sizes=\"auto, (max-width: 300px) 100vw, 300px\" \/><figcaption id=\"caption-attachment-1153\" class=\"wp-caption-text\">&#8220;Wie das Wetter von Fr\u00fchlingsanfang bis Mitte April, wird es im Sommer sein, so Gott will.&#8221; &#8211; &#8220;Fr\u00fchlingregen bringt Segen.&#8221; DEUTSCHER BAUER II<\/figcaption><\/figure>\n<p>&nbsp;<\/p>\n<p>&nbsp;<\/p>\n<figure id=\"attachment_1150\" aria-describedby=\"caption-attachment-1150\" style=\"width: 300px\" class=\"wp-caption aligncenter\"><img loading=\"lazy\" decoding=\"async\" class=\"wp-image-1150 size-medium\" src=\"http:\/\/vettensjournal.de\/klassischer-journalismus\/wp-content\/uploads\/2015\/04\/DSC_024-300x216.jpg\" alt=\"DSC_024\" width=\"300\" height=\"216\" srcset=\"https:\/\/vettensjournal.de\/klassischer-journalismus\/wp-content\/uploads\/2015\/04\/DSC_024-300x216.jpg 300w, https:\/\/vettensjournal.de\/klassischer-journalismus\/wp-content\/uploads\/2015\/04\/DSC_024-600x433.jpg 600w, https:\/\/vettensjournal.de\/klassischer-journalismus\/wp-content\/uploads\/2015\/04\/DSC_024.jpg 980w\" sizes=\"auto, (max-width: 300px) 100vw, 300px\" \/><figcaption id=\"caption-attachment-1150\" class=\"wp-caption-text\">&#8220;Gibt&#8217;s im Fr\u00fchjahr viel Fr\u00f6sche, so geraten die Erbsen.&#8221; &#8211; &#8220;Grasm\u00fccken, die fleissig singen, wollen uns das Fr\u00fchjahr bringen.&#8221; DEUTSCHER BAUER III<\/figcaption><\/figure>\n<p>&nbsp;<\/p>\n<p>&nbsp;<\/p>\n<figure id=\"attachment_1152\" aria-describedby=\"caption-attachment-1152\" style=\"width: 300px\" class=\"wp-caption aligncenter\"><img loading=\"lazy\" decoding=\"async\" class=\"wp-image-1152 size-medium\" src=\"http:\/\/vettensjournal.de\/klassischer-journalismus\/wp-content\/uploads\/2015\/04\/DSC_023-300x214.jpg\" alt=\"DSC_023\" width=\"300\" height=\"214\" srcset=\"https:\/\/vettensjournal.de\/klassischer-journalismus\/wp-content\/uploads\/2015\/04\/DSC_023-300x214.jpg 300w, https:\/\/vettensjournal.de\/klassischer-journalismus\/wp-content\/uploads\/2015\/04\/DSC_023-600x429.jpg 600w, https:\/\/vettensjournal.de\/klassischer-journalismus\/wp-content\/uploads\/2015\/04\/DSC_023.jpg 980w\" sizes=\"auto, (max-width: 300px) 100vw, 300px\" \/><figcaption id=\"caption-attachment-1152\" class=\"wp-caption-text\">&#8220;Donner \u00fcber dem kahlen Baum bedeutet kein gut Fr\u00fchjahr.&#8221; &#8211; &#8220;Steigt der Saft in die B\u00e4ume, erwachen die Fr\u00fchlingstr\u00e4ume.&#8221; &#8211; &#8220;Von wilden Bl\u00fcmlein die roten und Spechte sind Fr\u00fchlingsboten.&#8221; &#8211; &#8220;Viel Nebel im Fr\u00fchjahr, viel Gewitter im Sommer.&#8221; &#8211; &#8220;Wenn der Fr\u00fchling W\u00e4rme bringt, bis weit in den Herbst die Grille singt.&#8221; DEUTSCHER BAUER IV<\/figcaption><\/figure>\n<p>&nbsp;<\/p>\n<p>&nbsp;<\/p>\n<figure id=\"attachment_1151\" aria-describedby=\"caption-attachment-1151\" style=\"width: 300px\" class=\"wp-caption aligncenter\"><img loading=\"lazy\" decoding=\"async\" class=\"wp-image-1151 size-medium\" src=\"http:\/\/vettensjournal.de\/klassischer-journalismus\/wp-content\/uploads\/2015\/04\/DSC_037-300x196.jpg\" alt=\"DSC_037\" width=\"300\" height=\"196\" srcset=\"https:\/\/vettensjournal.de\/klassischer-journalismus\/wp-content\/uploads\/2015\/04\/DSC_037-300x196.jpg 300w, https:\/\/vettensjournal.de\/klassischer-journalismus\/wp-content\/uploads\/2015\/04\/DSC_037-600x391.jpg 600w, https:\/\/vettensjournal.de\/klassischer-journalismus\/wp-content\/uploads\/2015\/04\/DSC_037.jpg 980w\" sizes=\"auto, (max-width: 300px) 100vw, 300px\" \/><figcaption id=\"caption-attachment-1151\" class=\"wp-caption-text\">\u201eDie Stra\u00dfen liegen auf dem R\u00fccken, genie\u00dfen den Fr\u00fchling und l\u00e4cheln&#8230;.Die Zahl unserer Abende ist begrenzt, und mit jedem verplemperten Abend vers\u00fcndigt man sich grausam am nat\u00fcrlichen Lauf des einzigen Lebens, das man hat.\u201c CHARLES BUKOWSKY \/ FOTOS: BARBARA VOLKMER<\/figcaption><\/figure>\n<p>&nbsp;<\/p>\n<p>&nbsp;<\/p>\n<p>&nbsp;<\/p>\n","protected":false},"excerpt":{"rendered":"<p>berlin, 9. april 2015 Es ist zw\u00f6lf Uhr mittags in Berlin. Der graue Himmel \u00fcber der Stadt zerflust. Vorhang auf f\u00fcr ein reines Blau, auch erste Sonnenenstrahlen stehlen sich durch den Wolkenvlies. An der Hauptstra\u00dfe haben Arbeiter ein Ger\u00fcst hoch gezogen. Gestern trugen sie noch Anoraks, heute arbeiten sie in T-Shirts. Hinter dem Gericht am [&hellip;]<\/p>\n","protected":false},"author":3,"featured_media":1145,"comment_status":"closed","ping_status":"closed","sticky":false,"template":"","format":"standard","meta":{"footnotes":""},"categories":[20],"tags":[182,300,331,333,334,14,332],"class_list":["post-1138","post","type-post","status-publish","format-standard","has-post-thumbnail","hentry","category-reportage","tag-berlin","tag-fruhling","tag-heine","tag-morgenstern","tag-ringelnatz","tag-schoneberg","tag-tucholsky","has-post-title","has-post-date","has-post-category","has-post-tag","has-post-comment","has-post-author",""],"_links":{"self":[{"href":"https:\/\/vettensjournal.de\/klassischer-journalismus\/wp-json\/wp\/v2\/posts\/1138","targetHints":{"allow":["GET"]}}],"collection":[{"href":"https:\/\/vettensjournal.de\/klassischer-journalismus\/wp-json\/wp\/v2\/posts"}],"about":[{"href":"https:\/\/vettensjournal.de\/klassischer-journalismus\/wp-json\/wp\/v2\/types\/post"}],"author":[{"embeddable":true,"href":"https:\/\/vettensjournal.de\/klassischer-journalismus\/wp-json\/wp\/v2\/users\/3"}],"replies":[{"embeddable":true,"href":"https:\/\/vettensjournal.de\/klassischer-journalismus\/wp-json\/wp\/v2\/comments?post=1138"}],"version-history":[{"count":2,"href":"https:\/\/vettensjournal.de\/klassischer-journalismus\/wp-json\/wp\/v2\/posts\/1138\/revisions"}],"predecessor-version":[{"id":1155,"href":"https:\/\/vettensjournal.de\/klassischer-journalismus\/wp-json\/wp\/v2\/posts\/1138\/revisions\/1155"}],"wp:featuredmedia":[{"embeddable":true,"href":"https:\/\/vettensjournal.de\/klassischer-journalismus\/wp-json\/wp\/v2\/media\/1145"}],"wp:attachment":[{"href":"https:\/\/vettensjournal.de\/klassischer-journalismus\/wp-json\/wp\/v2\/media?parent=1138"}],"wp:term":[{"taxonomy":"category","embeddable":true,"href":"https:\/\/vettensjournal.de\/klassischer-journalismus\/wp-json\/wp\/v2\/categories?post=1138"},{"taxonomy":"post_tag","embeddable":true,"href":"https:\/\/vettensjournal.de\/klassischer-journalismus\/wp-json\/wp\/v2\/tags?post=1138"}],"curies":[{"name":"wp","href":"https:\/\/api.w.org\/{rel}","templated":true}]}}