{"id":1049,"date":"2015-03-28T11:55:16","date_gmt":"2015-03-28T11:55:16","guid":{"rendered":"http:\/\/vettensjournal.de\/klassischer-journalismus\/?p=1049"},"modified":"2015-03-28T11:57:46","modified_gmt":"2015-03-28T11:57:46","slug":"kein-kraut-gewachsen","status":"publish","type":"post","link":"https:\/\/vettensjournal.de\/klassischer-journalismus\/kein-kraut-gewachsen\/","title":{"rendered":"KRAUT-FUNDING"},"content":{"rendered":"<p><em><strong>lindow, 28. m\u00e4rz 2015<\/strong><\/em><\/p>\n<p><strong>Gestern war der Maulwurf der B\u00f6se, heute ist in der kleinen &#8220;Journal&#8221;-Reihe &#8220;Natur pur&#8221; (anl\u00e4sslich eines nahenden Fr\u00fchlings) das Springkraut als Feind im Fokus. Wie bitte? m\u00f6gen unbedarfte Liebhaber sch\u00f6ner Farben nachfragen. Das Springkraut? Ist es nicht wunderherrlich anzusehen, von gro\u00dfer Anmut und eine Zierde der Sch\u00f6pfung? Das k\u00f6nnen nur Banausen so sehen. Das Springkraut ist: B\u00f6se! Barbarenwild! Eine echte Bedrohung unserer guten Garten-Welt!\u00a0<\/strong><\/p>\n<p>Nachbar Lothar kennt sich echt gut aus mit dem D\u00fcngen und dem J\u00e4ten, mit dem Pflanzen und Ernten. Wer Rat sucht, geht am besten zu Lothar &#8211; der wei\u00df Bescheid.<\/p>\n<p>Nur einmal hat er einen gr\u00e4sslichen Fehler gemacht. Er besuchte &#8211; das begab sich kurz nach der Wende &#8211; einen Bekannten in Baden-W\u00fcrttemberg und hat dort eine wundersch\u00f6ne Pflanze entdeckt.<\/p>\n<figure id=\"attachment_1059\" aria-describedby=\"caption-attachment-1059\" style=\"width: 300px\" class=\"wp-caption aligncenter\"><img loading=\"lazy\" decoding=\"async\" class=\"wp-image-1059 size-medium\" src=\"http:\/\/vettensjournal.de\/klassischer-journalismus\/wp-content\/uploads\/2015\/03\/IMG_3367-300x261.jpg\" alt=\"IMG_3367\" width=\"300\" height=\"261\" srcset=\"https:\/\/vettensjournal.de\/klassischer-journalismus\/wp-content\/uploads\/2015\/03\/IMG_3367-300x261.jpg 300w, https:\/\/vettensjournal.de\/klassischer-journalismus\/wp-content\/uploads\/2015\/03\/IMG_3367-600x523.jpg 600w, https:\/\/vettensjournal.de\/klassischer-journalismus\/wp-content\/uploads\/2015\/03\/IMG_3367.jpg 980w\" sizes=\"auto, (max-width: 300px) 100vw, 300px\" \/><figcaption id=\"caption-attachment-1059\" class=\"wp-caption-text\">Das B\u00f6se im sch\u00f6nen Schein. FOTOS: BARBARA VOLKMER<\/figcaption><\/figure>\n<p>&nbsp;<\/p>\n<p>Das\u00a0Dr\u00fcsige Springkraut (impatiens glandulifera), auch\u00a0Indisches Springkraut,\u00a0Rotes Springkraut,\u00a0Emscherorchidee\u00a0oder Wupperorchidee\u00a0genannt, aus der Gattung der &#8220;Balsaminengew\u00e4chse&#8221;. Kommt aus Indien, als Zierpflanze wurde es im 19. Jahrhundert auch in Nordamerika und Europa eingeb\u00fcrgert. W\u00e4chst, wo es feucht ist.<\/p>\n<p>Lothar aus Lindow buddelte zwei W\u00fcrttemberger Pflanzen aus und \u00fcberf\u00fchrte sie nach Lindow in Brandenburg.<\/p>\n<p>Damals gab es noch kein Internet, vielleicht h\u00e4tte Lothar, der sich heute gern im Netz rum treibt, den Fehler nicht gemacht. Heute zumindest wird beim Stichwort &#8220;Springkraut&#8221; www-Alarm gegeben.<\/p>\n<p>Die Spezialisten von &#8220;Zuhause&#8221; zum Beispiel warnen:<\/p>\n<p>&#8220;Eine einzige Pflanze produziert \u00fcber 2000 Samen in einem Jahr, die f\u00fcr mehrere Jahre keimf\u00e4hig bleiben. Besonders gut verbreitet sich das Springkraut, weil die Samen \u00fcber Schleuderkapseln in einem weiten Umkreis verteilt werden. Wenn man eine der Schoten ber\u00fchrt, werden die darin befindlichen Samen explosionsartig in die Gegend geschleudert \u2013 bis zu sieben Meter weit. Im n\u00e4chsten Fr\u00fchjahr erw\u00e4chst daraus eine neue Pflanze.<\/p>\n<p>Wo das robuste Kraut sich niederl\u00e4sst, verdr\u00e4ngt es die gesamte urspr\u00fcngliche Vegetation. Springkraut verbreitet sich h\u00e4ufig auch \u00fcber Fl\u00fcsse und B\u00e4che und siedelt sich bevorzugt an deren feuchten und n\u00e4hrstoffreichen Ufern an. Wenn im Herbst dann die einj\u00e4hrige Springkrautpflanze abstirbt, sind keine anderen Pflanzen mehr vorhanden, um das Ufer zu befestigen. Es droht Erosion.&#8221;<\/p>\n<p>Lothar ist schuld, dass jetzt am See der Kampf gegen das Springkraut gef\u00fchrt werden muss. Die G\u00e4rtner streifen die Handschuhe an und entwurzeln, Staude f\u00fcr Staude, die feindliche Armada. Das ist m\u00fchsam und frustrierend. Springkraut am Teich, Springkraut am Bach, Springkraut in der Hecke und neben den Beeten. Fluchen k\u00f6nnt&#8217; man ohn&#8217; Unterlass. Man hat das Gef\u00fchl, das verfluchte Springkraut w\u00e4chst einem schon zu den Ohren raus.<\/p>\n<figure id=\"attachment_1057\" aria-describedby=\"caption-attachment-1057\" style=\"width: 300px\" class=\"wp-caption aligncenter\"><img loading=\"lazy\" decoding=\"async\" class=\"wp-image-1057 size-medium\" src=\"http:\/\/vettensjournal.de\/klassischer-journalismus\/wp-content\/uploads\/2015\/03\/IMG_3377-300x218.jpg\" alt=\"IMG_3377\" width=\"300\" height=\"218\" srcset=\"https:\/\/vettensjournal.de\/klassischer-journalismus\/wp-content\/uploads\/2015\/03\/IMG_3377-300x218.jpg 300w, https:\/\/vettensjournal.de\/klassischer-journalismus\/wp-content\/uploads\/2015\/03\/IMG_3377-600x436.jpg 600w, https:\/\/vettensjournal.de\/klassischer-journalismus\/wp-content\/uploads\/2015\/03\/IMG_3377.jpg 980w\" sizes=\"auto, (max-width: 300px) 100vw, 300px\" \/><figcaption id=\"caption-attachment-1057\" class=\"wp-caption-text\">Das Springkraut stiehlt einheimischen Pflanzen schon mal die Schau.<\/figcaption><\/figure>\n<p>&nbsp;<\/p>\n<p>Es gibt eine Seite f\u00fcr Gartenfreunde im Internet, die selbst den \u00fcbelsten Schmarotzern noch etwas Gutes abzugewinnen versucht. Doch selbst da tun sich die Verfasser mit Loben schwer, wenn es ums Springkraut geht:<\/p>\n<p>&#8220;F\u00fcr Kinder ist das Springkraut eine wahre Wonne. Denn wenn man die reifen Schoten mit spitzen Fingerchen ber\u00fchrt, platzen sie auf und schleudern ihre Samen in die Umgebung. Das Aufplatzen kitzelt lustig an den Fingern und man bekommt kaum genug von diesem Vergn\u00fcgen.<\/p>\n<p>Erwachsene freuen sich wohl eher an den wundersch\u00f6nen Bl\u00fcten des Springkrautes.<\/p>\n<p>Doch Botaniker und Natursch\u00fctzer sind ganz entsetzt von der starken Vermehrung dieses indischen Fremdlings. Denn das Springkraut wuchert mit seiner Wuchskraft Ufer und Waldr\u00e4nder zu und verdr\u00e4ngt die heimische Flora.&#8221;<\/p>\n<p>Im Klartext: Das Springkraut ist eine Heimsuchung!<\/p>\n<p>Nicht mal als Heilpflanze macht es was her.\u00a0Der Naturdoktor hat das Springkraut mit Sicherheit nicht auf der Favoritenliste. Dringend gewarnt wird vor innerlicher Anwendung, die Einnahme der Pflanze zieht Erbrechen und extremen Harndrang nach sich. Allenfalls \u00e4u\u00dferlich hilft es bei H\u00e4morrhoiden, Hautirritationen oder Wiesendermatitis. Will man da wirklich eine Paste herstellen, verwende man die Bl\u00e4tter und Samen und vertraue anschlie\u00dfend auf die Wirkung von \u00d6l, Tannin und S\u00e4ure.<\/p>\n<p>Aber, mal ehrlich: Angeratener ist es, dem sch\u00f6nen Kraut einen kolossalen Kampf anzusagen. Weg damit! Das Vorgehen gegen das Springkraut ist ein Total-Feldzug. Und das, bevor die Biester in Bl\u00fcte stehen.<\/p>\n<p>Alles muss raus! Springkraut-Wurzeln sind nicht sehr z\u00e4h, ein Anrei\u00dfen an der Staude gen\u00fcgt &#8211; und der Geselle ist aus dem Boden. Danach geh\u00f6rt die gekillte Pflanze mit Stumpf und Stiel in den Sonderm\u00fcll. Die vermehrt sich n\u00e4mlich noch, wenn alles Leben ausgehaucht scheint. Gegen die \u00dcberlebensk\u00fcnste des Springkrauts kann auch eine Hydra nicht anstinken. Selbst Kakerlaken geben schneller den L\u00f6ffel ab.<\/p>\n<figure id=\"attachment_1056\" aria-describedby=\"caption-attachment-1056\" style=\"width: 300px\" class=\"wp-caption aligncenter\"><img loading=\"lazy\" decoding=\"async\" class=\"wp-image-1056 size-medium\" src=\"http:\/\/vettensjournal.de\/klassischer-journalismus\/wp-content\/uploads\/2015\/03\/IMG_3374-300x225.jpg\" alt=\"IMG_3374\" width=\"300\" height=\"225\" srcset=\"https:\/\/vettensjournal.de\/klassischer-journalismus\/wp-content\/uploads\/2015\/03\/IMG_3374-300x225.jpg 300w, https:\/\/vettensjournal.de\/klassischer-journalismus\/wp-content\/uploads\/2015\/03\/IMG_3374-600x450.jpg 600w, https:\/\/vettensjournal.de\/klassischer-journalismus\/wp-content\/uploads\/2015\/03\/IMG_3374.jpg 980w\" sizes=\"auto, (max-width: 300px) 100vw, 300px\" \/><figcaption id=\"caption-attachment-1056\" class=\"wp-caption-text\">Doch Vorsicht! Hinter der liebreizenden Larve verbirgt sich ein teuflisch&#8217; Wesen.<\/figcaption><\/figure>\n<p>&nbsp;<\/p>\n<p>Allj\u00e4hrlich wischen sich nach dem Gefecht die G\u00e4rtner von Lindow den Schwei\u00df von der Stirn und murmeln: &#8220;Das war&#8217;s, Du Mistkraut. Diesmal hab&#8217; ich Dich platt gemacht.<\/p>\n<p>Doch wenn im Fr\u00fchjahr die Natur ins Kraut schie\u00dft, steht es wieder da. In voller Pracht. Und selbst Lothar muss die Handschuhe anziehen und zugeben: &#8220;Gegen das Zeug kommste nicht an.&#8221;<\/p>\n","protected":false},"excerpt":{"rendered":"<p>lindow, 28. m\u00e4rz 2015 Gestern war der Maulwurf der B\u00f6se, heute ist in der kleinen &#8220;Journal&#8221;-Reihe &#8220;Natur pur&#8221; (anl\u00e4sslich eines nahenden Fr\u00fchlings) das Springkraut als Feind im Fokus. Wie bitte? m\u00f6gen unbedarfte Liebhaber sch\u00f6ner Farben nachfragen. Das Springkraut? Ist es nicht wunderherrlich anzusehen, von gro\u00dfer Anmut und eine Zierde der Sch\u00f6pfung? Das k\u00f6nnen nur Banausen [&hellip;]<\/p>\n","protected":false},"author":3,"featured_media":1058,"comment_status":"closed","ping_status":"closed","sticky":false,"template":"","format":"standard","meta":{"footnotes":""},"categories":[25,1],"tags":[315,312,314,313],"class_list":["post-1049","post","type-post","status-publish","format-standard","has-post-thumbnail","hentry","category-report","category-uncategorized","tag-brandenburg","tag-garten","tag-lindow","tag-springkraut","has-post-title","has-post-date","has-post-category","has-post-tag","has-post-comment","has-post-author",""],"_links":{"self":[{"href":"https:\/\/vettensjournal.de\/klassischer-journalismus\/wp-json\/wp\/v2\/posts\/1049","targetHints":{"allow":["GET"]}}],"collection":[{"href":"https:\/\/vettensjournal.de\/klassischer-journalismus\/wp-json\/wp\/v2\/posts"}],"about":[{"href":"https:\/\/vettensjournal.de\/klassischer-journalismus\/wp-json\/wp\/v2\/types\/post"}],"author":[{"embeddable":true,"href":"https:\/\/vettensjournal.de\/klassischer-journalismus\/wp-json\/wp\/v2\/users\/3"}],"replies":[{"embeddable":true,"href":"https:\/\/vettensjournal.de\/klassischer-journalismus\/wp-json\/wp\/v2\/comments?post=1049"}],"version-history":[{"count":1,"href":"https:\/\/vettensjournal.de\/klassischer-journalismus\/wp-json\/wp\/v2\/posts\/1049\/revisions"}],"predecessor-version":[{"id":1062,"href":"https:\/\/vettensjournal.de\/klassischer-journalismus\/wp-json\/wp\/v2\/posts\/1049\/revisions\/1062"}],"wp:featuredmedia":[{"embeddable":true,"href":"https:\/\/vettensjournal.de\/klassischer-journalismus\/wp-json\/wp\/v2\/media\/1058"}],"wp:attachment":[{"href":"https:\/\/vettensjournal.de\/klassischer-journalismus\/wp-json\/wp\/v2\/media?parent=1049"}],"wp:term":[{"taxonomy":"category","embeddable":true,"href":"https:\/\/vettensjournal.de\/klassischer-journalismus\/wp-json\/wp\/v2\/categories?post=1049"},{"taxonomy":"post_tag","embeddable":true,"href":"https:\/\/vettensjournal.de\/klassischer-journalismus\/wp-json\/wp\/v2\/tags?post=1049"}],"curies":[{"name":"wp","href":"https:\/\/api.w.org\/{rel}","templated":true}]}}